{"id":327034,"date":"2023-04-05T11:14:47","date_gmt":"2023-04-05T09:14:47","guid":{"rendered":"https:\/\/www.radioluna.it\/news\/?p=327034"},"modified":"2023-04-05T12:11:38","modified_gmt":"2023-04-05T10:11:38","slug":"latina-meno-infarti-grazie-alla-rete","status":"publish","type":"post","link":"https:\/\/www.radioluna.it\/news\/2023\/04\/latina-meno-infarti-grazie-alla-rete\/","title":{"rendered":"Latina, meno infarti grazie alla &#8220;Rete&#8221;"},"content":{"rendered":"<div id=\"fb-root\"><\/div>\n<p style=\"text-align: justify;\"><strong>LATINA<\/strong> &#8211; <strong>Diminuiscono gli infarti in provincia di Latina<\/strong> grazie anche all\u2019attivit\u00e0 di prevenzione e all\u2019efficienza della rete dell\u2019infarto. In quest\u2019ambito si inserisce la riattivazione annunciata della <strong>rete di defibrillatori<\/strong> installati su una buona parte del territorio comunale di Latina a partire dal 2018 e poi ritirati nel 2022 per problemi relativi alla manutenzione.<\/p>\n<p style=\"text-align: justify;\">Dopo alcuni mesi di sospensione dell&#8217;importante servizio, ieri \u00e8 stata ufficializzata l\u2019intesa tra il <strong>Comune di Latina<\/strong>, nella persona del commissario straordinario Carmine Valente,\u00a0 e l&#8217;<strong>Associazione Latina nel Cuore<\/strong>, presieduta da Roberto Stivali, che ha donato gli apparecchi.<\/p>\n<p style=\"text-align: justify;\">&#8220;Un servizio importante, la presenza del defibrillatore sta a indicare che anche le emergenze possono essere trattate e curate, bisogna andare nelle scuole a insegnare la prevenzione\u00a0 soprattutto per dare la sensazione ai nostri utenti di Latina di avsre una sanit\u00e0 attenta alle problematicheL\u2019importanza del servizio e i dati Istat dalla voce del professor <strong>Francesco Versaci direttore della Uoc di Cardiologia ed Emodinamica del Goretti<\/strong> che ha partecipato alla firma dell\u2019intesa con la <strong>direttrice generale Asl Silvia Cavalli<\/strong>.<\/p>\n<audio class=\"wp-audio-shortcode\" id=\"audio-327034-1\" preload=\"none\" style=\"width: 100%;\" controls=\"controls\"><source type=\"audio\/mpeg\" src=\"https:\/\/www.radioluna.it\/news\/wp-content\/uploads\/2023\/04\/versaci-defibrillatori.mp3?_=1\" \/><a href=\"https:\/\/www.radioluna.it\/news\/wp-content\/uploads\/2023\/04\/versaci-defibrillatori.mp3\">https:\/\/www.radioluna.it\/news\/wp-content\/uploads\/2023\/04\/versaci-defibrillatori.mp3<\/a><\/audio>\n<p>Soddisfazione \u00e8 stata espressa dalla manager Cavalli: &#8220;Si \u00e8 attivata una corsa solidale e sono previsti anche due nuovi defibrillatori oltre a quelli gi\u00e0 esistenti, uno presso la stazione di Latina Scalo&#8221;.<\/p>\n<audio class=\"wp-audio-shortcode\" id=\"audio-327034-2\" preload=\"none\" style=\"width: 100%;\" controls=\"controls\"><source type=\"audio\/mpeg\" src=\"https:\/\/www.radioluna.it\/news\/wp-content\/uploads\/2023\/04\/cavalli-defibrillatori-1.mp3?_=2\" \/><a href=\"https:\/\/www.radioluna.it\/news\/wp-content\/uploads\/2023\/04\/cavalli-defibrillatori-1.mp3\">https:\/\/www.radioluna.it\/news\/wp-content\/uploads\/2023\/04\/cavalli-defibrillatori-1.mp3<\/a><\/audio>\n<p>&nbsp;<\/p>\n<p>&nbsp;<\/p>\n","protected":false},"excerpt":{"rendered":"<p>LATINA &#8211; Diminuiscono gli infarti in provincia di Latina grazie anche all\u2019attivit\u00e0 di prevenzione e all\u2019efficienza della rete dell\u2019infarto. In quest\u2019ambito si inserisce la riattivazione annunciata della rete di defibrillatori installati su una buona parte del territorio comunale di Latina a partire dal 2018 e poi ritirati nel 2022 per problemi relativi alla manutenzione. Dopo [&hellip;]<\/p>\n","protected":false},"author":62,"featured_media":327038,"comment_status":"open","ping_status":"open","sticky":false,"template":"","format":"standard","meta":{"footnotes":""},"categories":[2616],"tags":[],"class_list":["post-327034","post","type-post","status-publish","format-standard","has-post-thumbnail","hentry","category-sanita"],"_links":{"self":[{"href":"https:\/\/www.radioluna.it\/news\/wp-json\/wp\/v2\/posts\/327034","targetHints":{"allow":["GET"]}}],"collection":[{"href":"https:\/\/www.radioluna.it\/news\/wp-json\/wp\/v2\/posts"}],"about":[{"href":"https:\/\/www.radioluna.it\/news\/wp-json\/wp\/v2\/types\/post"}],"author":[{"embeddable":true,"href":"https:\/\/www.radioluna.it\/news\/wp-json\/wp\/v2\/users\/62"}],"replies":[{"embeddable":true,"href":"https:\/\/www.radioluna.it\/news\/wp-json\/wp\/v2\/comments?post=327034"}],"version-history":[{"count":0,"href":"https:\/\/www.radioluna.it\/news\/wp-json\/wp\/v2\/posts\/327034\/revisions"}],"wp:featuredmedia":[{"embeddable":true,"href":"https:\/\/www.radioluna.it\/news\/wp-json\/wp\/v2\/media\/327038"}],"wp:attachment":[{"href":"https:\/\/www.radioluna.it\/news\/wp-json\/wp\/v2\/media?parent=327034"}],"wp:term":[{"taxonomy":"category","embeddable":true,"href":"https:\/\/www.radioluna.it\/news\/wp-json\/wp\/v2\/categories?post=327034"},{"taxonomy":"post_tag","embeddable":true,"href":"https:\/\/www.radioluna.it\/news\/wp-json\/wp\/v2\/tags?post=327034"}],"curies":[{"name":"wp","href":"https:\/\/api.w.org\/{rel}","templated":true}]}}