{"id":327170,"date":"2023-04-06T14:45:07","date_gmt":"2023-04-06T12:45:07","guid":{"rendered":"https:\/\/www.radioluna.it\/news\/?p=327170"},"modified":"2023-04-06T14:46:40","modified_gmt":"2023-04-06T12:46:40","slug":"pd-sarubbo-difende-majocchi-richiesta-di-dimissioni-errore-nella-forma-nel-contenuto-nei-tempi","status":"publish","type":"post","link":"https:\/\/www.radioluna.it\/news\/2023\/04\/pd-sarubbo-difende-majocchi-richiesta-di-dimissioni-errore-nella-forma-nel-contenuto-nei-tempi\/","title":{"rendered":"Pd, Sarubbo difende Majocchi: &#8220;Richiesta di dimissioni errore nella forma, nel contenuto, nei tempi&#8221;"},"content":{"rendered":"<div id=\"fb-root\"><\/div>\n<p style=\"text-align: justify;\"><strong>LATINA<\/strong> &#8211; Dopo la lettera con cui un gruppo di membri del direttivo Pd Latina tra cui l&#8217;ex presidente, Mauro Visari, l&#8217;ex capogruppo in consiglio comunale Enzo de Amicis, l&#8217;ex consigliere comunale Tommaso Malandruccolo, criticando il risultato delle primarie\u00a0 che hanno visto la sconfitta della candidata dem Daniela Fiore, chiedono le dimissioni del segretario comunale, Leonardo Majocchi, arriva la risposta del segretario provinciale Omar Sarubbo.<\/p>\n<p style=\"text-align: justify;\">&#8220;Leonardo, 22 anni, \u00e8 uno dei giovanissimi segretari di circolo PD ai quali, solo un anno fa, abbiamo chiesto di aiutarci assumendo la guida delle sezioni territoriali dopo il noto commissariamento. Questi ragazzi, con responsabilit\u00e0, passione e coraggio, hanno accettato di spendersi in prima persona per ricostruire da zero qualcosa che non c\u2019era pi\u00f9: un partito. A lui e a tutti loro va il mio sentito ringraziamento, riconoscenza ed i complimenti per la quantit\u00e0 e qualit\u00e0 di iniziativa politica che hanno prodotto &#8211; scrive Sarubbo &#8211;\u00a0 Un impegno che ha ancora pi\u00f9 valore se contestualizzato in questo tempo difficile per la sinistra italiana e di continui impegni elettorali: rinnovazione delle elezioni Comunali di Latina, politiche, regionali, congresso nazionale, primarie nazionali, primarie locali. A loro abbiamo chiesto di rianimare un dibattito e coltivare la partecipazione, non di vincere in pochi mesi dove altri, me compreso, hanno perso per anni&#8221;.<\/p>\n<p style=\"text-align: justify;\">Nella sua analisi, il segretario Dem sottolinea come &#8220;alla vigilia delle imminenti elezioni amministrative, il Partito di Latina abbia assunto posizioni decisive grazie alle quali oggi abbiamo una coalizione alternativa alle destre di cui, sino a qualche settimana fa, non vi era traccia. Va riconosciuto a Leonardo e al PD di Latina il merito di aver riunito pi\u00f9 forze progressiste (civiche e politiche) attorno ad un tavolo e di aver compreso che le elezioni primarie potevano rappresentare un collante partecipato e popolare in grado di rivitalizzare ambizioni sopite e restituire competitivit\u00e0 all\u2019alleanza. Era augurabile per il PD la vittoria di Daniela Fiore ma il fatto che abbia prevalso Damiano Coletta non riduce l\u2019importanza di tali risultati&#8221;.<\/p>\n<p style=\"text-align: justify;\">In conclusione &#8220;la richiesta di dimissioni\u00a0 &#8211; aggiunge Sarubbo &#8211; \u00e8 un errore nella forma, nel contenuto, nei tempi. Una lettura ingenerosa dell\u2019operato del segretario ed una ricostruzione caricaturale della fase politica. Invito i sottoscrittori a rivolgere lo sguardo verso il solo avversario che abbiamo: una destra affamata di potere che sta organizzando il rientro sulla scena politica dei protagonisti della pi\u00f9 grande stagione fallimentare della storia cittadina&#8221;.<\/p>\n<p style=\"text-align: justify;\">L&#8217;auspicio \u00e8 che &#8220;il gruppo dirigente locale, nei prossimi giorni e nelle prossime ore, spenda tutte le energie disponibili per costruire, insieme al Segretario Majocchi, a cui rinnovo stima e fiducia, una lista forte, rappresentativa del pluralismo e radicata nella comunit\u00e0. Latina ha bisogno del nuovo PD. Ha bisogno di politiche e non di polemiche. Dar\u00f2 una mano, come sempre, nella misura in cui verr\u00e0 ritenuto necessario. Non rimane che metterci al lavoro per la citt\u00e0 dei diritti, della crescita sostenibile, della solidariet\u00e0 e dove vivere sia bello e sicuro. Questo conta&#8221;.<\/p>\n","protected":false},"excerpt":{"rendered":"<p>LATINA &#8211; Dopo la lettera con cui un gruppo di membri del direttivo Pd Latina tra cui l&#8217;ex presidente, Mauro Visari, l&#8217;ex capogruppo in consiglio comunale Enzo de Amicis, l&#8217;ex consigliere comunale Tommaso Malandruccolo, criticando il risultato delle primarie\u00a0 che hanno visto la sconfitta della candidata dem Daniela Fiore, chiedono le dimissioni del segretario comunale, [&hellip;]<\/p>\n","protected":false},"author":62,"featured_media":327171,"comment_status":"open","ping_status":"open","sticky":false,"template":"","format":"standard","meta":{"footnotes":""},"categories":[8],"tags":[],"class_list":["post-327170","post","type-post","status-publish","format-standard","has-post-thumbnail","hentry","category-politica"],"_links":{"self":[{"href":"https:\/\/www.radioluna.it\/news\/wp-json\/wp\/v2\/posts\/327170","targetHints":{"allow":["GET"]}}],"collection":[{"href":"https:\/\/www.radioluna.it\/news\/wp-json\/wp\/v2\/posts"}],"about":[{"href":"https:\/\/www.radioluna.it\/news\/wp-json\/wp\/v2\/types\/post"}],"author":[{"embeddable":true,"href":"https:\/\/www.radioluna.it\/news\/wp-json\/wp\/v2\/users\/62"}],"replies":[{"embeddable":true,"href":"https:\/\/www.radioluna.it\/news\/wp-json\/wp\/v2\/comments?post=327170"}],"version-history":[{"count":0,"href":"https:\/\/www.radioluna.it\/news\/wp-json\/wp\/v2\/posts\/327170\/revisions"}],"wp:featuredmedia":[{"embeddable":true,"href":"https:\/\/www.radioluna.it\/news\/wp-json\/wp\/v2\/media\/327171"}],"wp:attachment":[{"href":"https:\/\/www.radioluna.it\/news\/wp-json\/wp\/v2\/media?parent=327170"}],"wp:term":[{"taxonomy":"category","embeddable":true,"href":"https:\/\/www.radioluna.it\/news\/wp-json\/wp\/v2\/categories?post=327170"},{"taxonomy":"post_tag","embeddable":true,"href":"https:\/\/www.radioluna.it\/news\/wp-json\/wp\/v2\/tags?post=327170"}],"curies":[{"name":"wp","href":"https:\/\/api.w.org\/{rel}","templated":true}]}}