{"id":327205,"date":"2023-04-06T19:05:28","date_gmt":"2023-04-06T17:05:28","guid":{"rendered":"https:\/\/www.radioluna.it\/news\/?p=327205"},"modified":"2023-04-08T08:50:30","modified_gmt":"2023-04-08T06:50:30","slug":"conferenza-di-coalizione-per-matilde-celentano-la-mia-candidatura-segno-di-discontinuita-con-il-passato","status":"publish","type":"post","link":"https:\/\/www.radioluna.it\/news\/2023\/04\/conferenza-di-coalizione-per-matilde-celentano-la-mia-candidatura-segno-di-discontinuita-con-il-passato\/","title":{"rendered":"Conferenza di coalizione per Matilde Celentano: &#8220;La mia candidatura segno di discontinuit\u00e0 con il passato&#8221;"},"content":{"rendered":"<div id=\"fb-root\"><\/div>\n<p style=\"text-align: justify;\"><strong>LATINA &#8211;<\/strong> Questo pomeriggio si \u00e8 tenuta la presentazione ufficiale della candidata alla carica di sindaco di Latina Matilde Celentano da parte dei rappresentanti delle forze politiche della coalizione di centrodestra. Alla conferenza stampa, organizzata presso la sala dell\u2019ex Sto\u00e0 in via Cesare Battisti, erano presenti l\u2019onorevole della Lega Claudio Durigon, sottosegretario al Lavoro e alle Politiche Sociali, il senatore di Fratelli d\u2019Italia Nicola Calandrini, presidente della commissione Bilancio del Senato, il senatore di Forza Italia Claudio Fazzone, presidente della commissione<br \/>\nAmbiente e Lavori pubblici del Senato, Alessandro Paletta, commissario provinciale di Unione di Centro, Pino Di Sangiuliano, responsabile provinciale di Democrazia Cristiana, Alessandro Zomparelli, responsabile provinciale di Rinascimento Sgarbi e Massimo Marini, referente per il movimento di Fare Latina.<\/p>\n<p style=\"text-align: justify;\">Dopo aver ascoltato gli interventi degli alleati, Matilde Celentano ha illustrato la sua idea di citt\u00e0. \u201cLa mia candidatura \u00e8 il segno della discontinuit\u00e0 con il passato \u2013 ha dichiarato -. Lavoriamo per una citt\u00e0 nuova. Ho parlato di normalit\u00e0, che per me significa sicurezza, pulizia, ordine e decoro. Da oggi parte una nuova stagione per la nostra citt\u00e0. Non si pu\u00f2 non affrontare la questione urbanistica di Latina, che dovr\u00e0 essere al centro degli impegni del nuovo governo\u201d. La candidata ha proseguito parlando della gestione dei rifiuti: \u201cVa rimodulata, la citt\u00e0 \u00e8 sporca. La raccolta differenziata non ha raggiunto i livelli prefissati. E\u2019 fallito il progetto di Coletta su Abc, nonostante l\u2019abnegazione del personale. Noi crediamo nella formula della municipalizzata, e vogliamo che da mono servizio diventi multiservizio\u201d.<br \/>\nIl discorso \u00e8 andato avanti sui borghi: \u201cSono gli elementi fondanti della citt\u00e0, \u00a0lasciati per troppo tempo in stato di abbandono\u201d. Sul centro storico, la candidata sindaco ha promesso un confronto con gli attori principali, commercianti e associazioni di categoria, per trasformarlo in salotto di Latina: \u201cVogliamo un luogo attrattivo, bello e accogliente. Vogliamo che lo shopping diventi anche socialit\u00e0\u201d. Per Matilde Celentano Latina deve diventare \u201ccapitale della cultura, perch\u00e9 una citt\u00e0 unica nella storia architettonica del Novecento italiano: \u00e8 un sogno che sar\u00e0 realt\u00e0 lungo il cammino che ci porter\u00e0 al centenario\u201d. \u201cTra le tante cose immagino che questa citt\u00e0 meriti una nuova biblioteca, una nuova struttura culturale, multimediale e innovati\u201d, ha aggiunto \u201cQuesta citt\u00e0 \u2013 ha continuato &#8211; non pu\u00f2 pi\u00f9 dare le spalle al mare. Perch\u00e9 \u00e8 l\u00ec che ci sono le vere risorse di sviluppo, la nuova economia della natura e del mare, l\u2019industria dell\u2019accoglienza. Tutto quello che stiamo dicendo \u00e8 la base del rilancio economico della citt\u00e0. Il nostro impegno sar\u00e0 quello di stare al fianco di chi fa impresa, di chi investe su questo territorio, di chi crea<br \/>\nricchezza e che ogni mese paga gli stipendi\u201d.<br \/>\nInfine Celentano ha parlato della sanit\u00e0. \u201cC\u2019\u00e8 un progetto \u2013 ha concluso &#8211; di nuovo ospedale, che sar\u00e0 realizzato nel lungo periodo. Ma nel frattempo dobbiamo favorire il potenziamento della rete socio-sanitaria e della medicina del territorio. Abbiamo un peso nella conferenza dei sindaci sulla sanit\u00e0. Il sindaco di Latina \u00e8 a capo della conferenza dei sindaci e ritengo che il sindaco di Latina non si possa limitare a convocarla solo per l\u2019approvazione del piano aziendale della Asl. Saremo vigili, faremo pressing sui servizi che riguardano la salute dei cittadini. Sogno una citt\u00e0 inclusiva \u2013 ha concluso &#8211; dove i giovani decidano di restare con orgoglio, senza essere costretti ad andarsene per vivere il futuro, una citt\u00e0 universitaria che guardi all\u2019Europa, una citt\u00e0 dove tutti abbiano pari opportunit\u00e0\u201d. La conferenza stampa \u00e8 terminata con una citazione da parte della candidata sindaco: \u201cVi lascio questa sera \u2013 ha detto &#8211; con un pensiero, che non \u00e8 mio ma di Henry Ford: \u2018Mettersi insieme \u00e8 un inizio. Rimanere insieme \u00e8 un progresso. Lavorare insieme \u00e8 un successo\u2019\u201d.<\/p>\n<p style=\"text-align: justify;\">In premessa avevano parlato i rappresentanti dei partiti : \u201cL\u2019impegno di Rinascimento Sgarbi sar\u00e0 importante per portare Latina alla per portare Latina alla candidatura di citt\u00e0 europea della cultura. Sono onorato di essere qui e lavoreremo per portare a casa questo importante risultato\u201d, ha aperto Zomparelli dando il via alla conferenza. Marini ha invece dichiarato che \u201cil movimento di Fare Latina sosterr\u00e0 convintamente la candidatura di Celentano con lealt\u00e0 pronti a portare questa battaglia a termine, facendo da stimolo all\u2019intera coalizione di centrodestra per la politica del fare\u201d. \u201cE\u2019 bello vedere il centrodestra finalmente unito. Ce la metteremo tutta per dare il nostro aiuto convinti che i giovani debbano avere un ruolo importante nella sfida che vogliamo vincere perch\u00e9 non sono il futuro, ma il presente\u201d ha affermato Di Sangiuliano.<br \/>\n\u201cHo l\u2019onere e l\u2019onore \u2013 ha dichiarato Paletta &#8211; di rappresentare l\u2019Udc da appena dieci giorni. Questa \u00e8 una fase molto importante e il nostro impegno \u00e8 per la ricostruzione: siamo pronti a scendere in campo con una lista orientata al rinnovamento decisa a sostenere Matilde Celentano come sindaco\u201d.<br \/>\nDa parte del senatore Calandrini la sottolineatura dell\u2019importanza di vincere queste elezioni al primo turno per non perdere ulteriori quindici giorni per dare risposte alla citt\u00e0. \u201cSar\u00e0 una battaglia difficile \u2013 ha dichiarato -, ma abbiamo una donna fantastica che ci porter\u00e0 a chiudere la filiera di governo nella citt\u00e0 di Latina senza farci perdere questa opportunit\u00e0 unica. E\u2019 la persona giusta al momento giusto dopo 17 sindaci uomini: sarebbe la prima donna a guidare il<br \/>\ncapoluogo\u201d.<br \/>\n\u201cDobbiamo riportare in questa citt\u00e0 \u2013 ha dichiarato Fazzone \u2013 organizzazione amministrativa, motore dell\u2019attivit\u00e0 politica che vogliamo mettere in campo. C\u2019\u00e8 da ricostruire Latina e da lavorare perch\u00e9 ritorni la sicurezza. Siamo qui per sostenere la candidata sindaco, convinti di vincere al primo turno perch\u00e9 abbiamo le idee giuste per portare Latina allo splendore\u201d.<br \/>\nDa parte di Durigon la \u201cvoglia di affrontare questa campagna elettorale in maniera diversa\u201d. \u201cLatina \u2013 ha sottolineato \u2013 ha sullo sfondo uno schema di gioco nazionale importante: \u00e8 un\u2019occasione vincere\u201d.<\/p>\n","protected":false},"excerpt":{"rendered":"<p>LATINA &#8211; Questo pomeriggio si \u00e8 tenuta la presentazione ufficiale della candidata alla carica di sindaco di Latina Matilde Celentano da parte dei rappresentanti delle forze politiche della coalizione di centrodestra. Alla conferenza stampa, organizzata presso la sala dell\u2019ex Sto\u00e0 in via Cesare Battisti, erano presenti l\u2019onorevole della Lega Claudio Durigon, sottosegretario al Lavoro e [&hellip;]<\/p>\n","protected":false},"author":60,"featured_media":327207,"comment_status":"open","ping_status":"open","sticky":false,"template":"","format":"standard","meta":{"footnotes":""},"categories":[8],"tags":[],"class_list":["post-327205","post","type-post","status-publish","format-standard","has-post-thumbnail","hentry","category-politica"],"_links":{"self":[{"href":"https:\/\/www.radioluna.it\/news\/wp-json\/wp\/v2\/posts\/327205","targetHints":{"allow":["GET"]}}],"collection":[{"href":"https:\/\/www.radioluna.it\/news\/wp-json\/wp\/v2\/posts"}],"about":[{"href":"https:\/\/www.radioluna.it\/news\/wp-json\/wp\/v2\/types\/post"}],"author":[{"embeddable":true,"href":"https:\/\/www.radioluna.it\/news\/wp-json\/wp\/v2\/users\/60"}],"replies":[{"embeddable":true,"href":"https:\/\/www.radioluna.it\/news\/wp-json\/wp\/v2\/comments?post=327205"}],"version-history":[{"count":0,"href":"https:\/\/www.radioluna.it\/news\/wp-json\/wp\/v2\/posts\/327205\/revisions"}],"wp:featuredmedia":[{"embeddable":true,"href":"https:\/\/www.radioluna.it\/news\/wp-json\/wp\/v2\/media\/327207"}],"wp:attachment":[{"href":"https:\/\/www.radioluna.it\/news\/wp-json\/wp\/v2\/media?parent=327205"}],"wp:term":[{"taxonomy":"category","embeddable":true,"href":"https:\/\/www.radioluna.it\/news\/wp-json\/wp\/v2\/categories?post=327205"},{"taxonomy":"post_tag","embeddable":true,"href":"https:\/\/www.radioluna.it\/news\/wp-json\/wp\/v2\/tags?post=327205"}],"curies":[{"name":"wp","href":"https:\/\/api.w.org\/{rel}","templated":true}]}}