{"id":327284,"date":"2023-04-08T11:36:59","date_gmt":"2023-04-08T09:36:59","guid":{"rendered":"https:\/\/www.radioluna.it\/news\/?p=327284"},"modified":"2023-04-08T11:36:59","modified_gmt":"2023-04-08T09:36:59","slug":"latina-la-comunita-di-fratelli-ditalia-si-ritrova-per-gli-auguri-di-pasqua","status":"publish","type":"post","link":"https:\/\/www.radioluna.it\/news\/2023\/04\/latina-la-comunita-di-fratelli-ditalia-si-ritrova-per-gli-auguri-di-pasqua\/","title":{"rendered":"Latina, la comunit\u00e0 di Fratelli d\u2019Italia si ritrova per gli auguri di Pasqua."},"content":{"rendered":"<div id=\"fb-root\"><\/div>\n<p style=\"text-align: justify;\">LATINA &#8211; Ospite d\u2019eccezione nella serata organizzata da Fratelli d\u2019Italia Latina, ieri sera, venerd\u00ec 7 aprile, per il consueto scambio di auguri con la comunit\u00e0. Oltre ai massimi vertici del partito a livello provinciale era infatti presente anche il vice Ministro dell\u2019Economia Maurizio Leo. Un\u2019ennesima dimostrazione di vicinanza al territorio pontino da parte dei membri dell\u2019Esecutivo di Giorgia Meloni ma soprattutto un\u2019opportunit\u00e0, per i presenti, per fare il punto su temi importanti come la Riforma Fiscale e le ultime novit\u00e0 riguardanti il Superbonus.<\/p>\n<p style=\"text-align: justify;\">\u201cLatina \u00e8 la seconda citt\u00e0 del Lazio dopo la Capitale d\u2019Italia \u2013 il commento a margine dell\u2019evento del Senatore Nicola Calandrini, coordinatore provinciale di Fratelli d\u2019Italia \u2013 eppure negli ultimi anni pareva sparita dai radar della politica governativa. Ora il vento \u00e8 cambiato: rappresentanti pontini siedono in Regione, Parlamento, nelle istituzioni europee. Stiamo facendo riscoprire le potenzialit\u00e0 del nostro territorio. Potenzialit\u00e0 che stiamo gi\u00e0 facendo fruttare e mi riferisco, per esempio, ai fondi stanziati per l\u2019avvio dei lavori della Roma-Latina. Una filiera di governo concreta, che potr\u00e0 soltanto migliorare nei risultati dopo le amministrative, con l\u2019elezione di Matilde Celentano a Sindaco\u201d.<\/p>\n<p style=\"text-align: justify;\">Diversi gli argomenti trattati durante l\u2019incontro. \u201cAbbiamo affrontato temi che riguardano direttamente i cittadini, di Latina come di tutta la nazione &#8211; ha spiegato ancora Calandrini \u2013 come la riforma fiscale. Una riforma che l\u2019Italia aspettava da troppo tempo e che sta finalmente per vedere la luce. Abbiamo gi\u00e0 effettuato un taglio del cuneo fiscale nella Legge di Bilancio e ora andiamo verso una semplificazione e riorganizzazione della tassazione di cui potranno beneficiare tutti. Sar\u00e0 pi\u00f9 semplice controllare e quindi punire chi cerca di fare il furbo non contribuendo al bene comune e dall\u2019altro lato si incentivano quelle aziende che investono e assumono giovani\u201d.<\/p>\n<p style=\"text-align: justify;\">\u201cPercepisco \u2013 conclude Calandrini \u2013 una rinnovata passione per la politica, soprattutto da parte dei pi\u00f9 giovani. Stiamo tornando ad amare la citt\u00e0 e a non trattare i partiti come semplici comitati d\u2019affari e la candidatura come sindaco della coalizione di Matilde Celentano ne \u00e8 una dimostrazione. Ora ci fermeremo per onorare la Santa Pasqua ma siamo pronti a ripartire, carichi come non mai, per raggiungere tutti i prossimi obiettivi che ci siamo prefissati\u201d.<\/p>\n","protected":false},"excerpt":{"rendered":"<p>LATINA &#8211; Ospite d\u2019eccezione nella serata organizzata da Fratelli d\u2019Italia Latina, ieri sera, venerd\u00ec 7 aprile, per il consueto scambio di auguri con la comunit\u00e0. Oltre ai massimi vertici del partito a livello provinciale era infatti presente anche il vice Ministro dell\u2019Economia Maurizio Leo. Un\u2019ennesima dimostrazione di vicinanza al territorio pontino da parte dei membri [&hellip;]<\/p>\n","protected":false},"author":60,"featured_media":0,"comment_status":"open","ping_status":"open","sticky":false,"template":"","format":"standard","meta":{"footnotes":""},"categories":[8],"tags":[],"class_list":["post-327284","post","type-post","status-publish","format-standard","hentry","category-politica"],"_links":{"self":[{"href":"https:\/\/www.radioluna.it\/news\/wp-json\/wp\/v2\/posts\/327284","targetHints":{"allow":["GET"]}}],"collection":[{"href":"https:\/\/www.radioluna.it\/news\/wp-json\/wp\/v2\/posts"}],"about":[{"href":"https:\/\/www.radioluna.it\/news\/wp-json\/wp\/v2\/types\/post"}],"author":[{"embeddable":true,"href":"https:\/\/www.radioluna.it\/news\/wp-json\/wp\/v2\/users\/60"}],"replies":[{"embeddable":true,"href":"https:\/\/www.radioluna.it\/news\/wp-json\/wp\/v2\/comments?post=327284"}],"version-history":[{"count":0,"href":"https:\/\/www.radioluna.it\/news\/wp-json\/wp\/v2\/posts\/327284\/revisions"}],"wp:attachment":[{"href":"https:\/\/www.radioluna.it\/news\/wp-json\/wp\/v2\/media?parent=327284"}],"wp:term":[{"taxonomy":"category","embeddable":true,"href":"https:\/\/www.radioluna.it\/news\/wp-json\/wp\/v2\/categories?post=327284"},{"taxonomy":"post_tag","embeddable":true,"href":"https:\/\/www.radioluna.it\/news\/wp-json\/wp\/v2\/tags?post=327284"}],"curies":[{"name":"wp","href":"https:\/\/api.w.org\/{rel}","templated":true}]}}