{"id":327392,"date":"2023-04-12T13:17:19","date_gmt":"2023-04-12T11:17:19","guid":{"rendered":"https:\/\/www.radioluna.it\/news\/?p=327392"},"modified":"2023-04-13T16:56:27","modified_gmt":"2023-04-13T14:56:27","slug":"a-los-angeles-labbraccio-tra-giordana-angi-e-tiziano-ferro","status":"publish","type":"post","link":"https:\/\/www.radioluna.it\/news\/2023\/04\/a-los-angeles-labbraccio-tra-giordana-angi-e-tiziano-ferro\/","title":{"rendered":"A Los Angeles l&#8217;abbraccio tra Giordana Angi e Tiziano Ferro"},"content":{"rendered":"<div id=\"fb-root\"><\/div>\n<p style=\"text-align: justify;\"><strong>LATINA<\/strong> &#8211; Lei l&#8217;ha definita un&#8217;improvvisata. Un viaggio a Los Angeles con tappa a casa di Tiziano Ferro. La foto \u00e8 stata pubblicata da Giordana Angi, la cantante pontina di cui proprio l&#8217;artista di Latina, prima della notoriet\u00e0 arrivata con la partecipazione ad Amici, aveva voluto produrre un brano. Si era vociferato di un attrito tra i due, ma tutto sembra superato e l&#8217;abbraccio parla da solo.\u00a0 Chiss\u00e0 anzi che pi\u00f9 che di un&#8217;improvvisata non si sia trattato di un incontro di lavoro.<\/p>\n<p style=\"text-align: justify;\">Tiziano intanto si prepara al tour estivo che recuperer\u00e0 quello annullato a causa del Covid. Il debutto \u00e8 in programma mercoled\u00ec 7 giugno 2023 a Lignano Sabbiadoro, Stadio G. Teghil, poi domenica 11 giugno 2023 a Torino, Stadio Olimpico, quindi le tre date milanesi, il 15, 17 e 18 giugno a San Siro. Ci vorranno il 24 e 25 giugno per vederlo vicino casa, all&#8217;Olimpico di Roma dopo il passaggio a Firenze.<\/p>\n<div class=\"radio-posizionamento-telefono-in-articoli-dopo-il-contenuto-articolo radio-entity-placement\" id=\"radio-2401022947\"><div id=\"radio-1949551876\"><a href=\"https:\/\/www.simeoneceramiche.com\/\" aria-label=\"SIMEONE CERAMICHE GIF animata per radioluna_Tavola disegno 1 copia 2 (online-video-cutter.com)\"><img loading=\"lazy\" decoding=\"async\" src=\"https:\/\/www.radioluna.it\/news\/wp-content\/uploads\/2025\/05\/SIMEONE-CERAMICHE-GIF-animata-per-radioluna_Tavola-disegno-1-copia-2-online-video-cutter.com_.gif\" alt=\"\"  width=\"300\" height=\"250\"   \/><\/a><\/div><\/div>","protected":false},"excerpt":{"rendered":"<p>LATINA &#8211; Lei l&#8217;ha definita un&#8217;improvvisata. Un viaggio a Los Angeles con tappa a casa di Tiziano Ferro. La foto \u00e8 stata pubblicata da Giordana Angi, la cantante pontina di cui proprio l&#8217;artista di Latina, prima della notoriet\u00e0 arrivata con la partecipazione ad Amici, aveva voluto produrre un brano. Si era vociferato di un attrito [&hellip;]<\/p>\n","protected":false},"author":62,"featured_media":327393,"comment_status":"open","ping_status":"open","sticky":false,"template":"","format":"standard","meta":{"footnotes":""},"categories":[735,2439],"tags":[],"class_list":["post-327392","post","type-post","status-publish","format-standard","has-post-thumbnail","hentry","category-attualita","category-radioluna"],"_links":{"self":[{"href":"https:\/\/www.radioluna.it\/news\/wp-json\/wp\/v2\/posts\/327392","targetHints":{"allow":["GET"]}}],"collection":[{"href":"https:\/\/www.radioluna.it\/news\/wp-json\/wp\/v2\/posts"}],"about":[{"href":"https:\/\/www.radioluna.it\/news\/wp-json\/wp\/v2\/types\/post"}],"author":[{"embeddable":true,"href":"https:\/\/www.radioluna.it\/news\/wp-json\/wp\/v2\/users\/62"}],"replies":[{"embeddable":true,"href":"https:\/\/www.radioluna.it\/news\/wp-json\/wp\/v2\/comments?post=327392"}],"version-history":[{"count":0,"href":"https:\/\/www.radioluna.it\/news\/wp-json\/wp\/v2\/posts\/327392\/revisions"}],"wp:featuredmedia":[{"embeddable":true,"href":"https:\/\/www.radioluna.it\/news\/wp-json\/wp\/v2\/media\/327393"}],"wp:attachment":[{"href":"https:\/\/www.radioluna.it\/news\/wp-json\/wp\/v2\/media?parent=327392"}],"wp:term":[{"taxonomy":"category","embeddable":true,"href":"https:\/\/www.radioluna.it\/news\/wp-json\/wp\/v2\/categories?post=327392"},{"taxonomy":"post_tag","embeddable":true,"href":"https:\/\/www.radioluna.it\/news\/wp-json\/wp\/v2\/tags?post=327392"}],"curies":[{"name":"wp","href":"https:\/\/api.w.org\/{rel}","templated":true}]}}