{"id":328075,"date":"2023-04-22T13:05:16","date_gmt":"2023-04-22T11:05:16","guid":{"rendered":"https:\/\/www.radioluna.it\/news\/?p=328075"},"modified":"2023-04-22T13:05:16","modified_gmt":"2023-04-22T11:05:16","slug":"mitrano-incontra-la-manager-della-asl-di-latina-cavalli-emergenza-personale-sanitario","status":"publish","type":"post","link":"https:\/\/www.radioluna.it\/news\/2023\/04\/mitrano-incontra-la-manager-della-asl-di-latina-cavalli-emergenza-personale-sanitario\/","title":{"rendered":"Mitrano incontra la manager della Asl di Latina Cavalli: &#8220;Emergenza personale sanitario&#8221;"},"content":{"rendered":"<div id=\"fb-root\"><\/div>\n<p style=\"text-align: justify;\"><strong>LATINA &#8211;<\/strong>\u00a0 Il consigliere regionale del Lazio Cosmo Mitrano ha tenuto un confronto interlocutorio col Direttore Generale dell\u2019Asl Latina Dott.ssa Silvia Cavalli per fare il punto sullo stato di salute della sanit\u00e0 pubblica pontina.<\/p>\n<p style=\"text-align: justify;\">\u201cGli ospedali della nostra provincia &#8211; sottolinea Mitrano &#8211; versano in condizioni spesso al limite assumendo sempre l\u2019aspetto di contenitori \u201cvuoti\u201d per la carenza di personale medico-sanitario. Questo depotenziamento determina una condizione che non consente pi\u00f9 di poter rispondere alle esigenze di un\u2019utenza che, come anello debole in un sistema in crisi, paga le conseguenze pi\u00f9 pesanti. Il Presidente Rocca &#8211; prosegue il consigliere regionale &#8211; ha gi\u00e0 indicato la strada da percorrere che si preannuncia molto impegnativa ma con prospettive di recupero e di progressivo miglioramento dell\u2019offerta sanitaria pubblica. Dalla regione, quindi, abbiamo lanciato un segnale forte ma non basta. Per tale motivo ho ritenuto importante e necessario ascoltare il Direttore Generale dell\u2019Asl di Latina Silvia Cavalli nel corso di un cordiale confronto. In particolar modo &#8211; aggiunge Mitrano &#8211; la nostra attenzione si \u00e8 focalizzata sulla carenza di medici internisti nei nosocomi di Latina, Fondi e Terracina e di anestesisti negli ospedali di Formia, Fondi e Terracina. Una vera e propria emergenza del personale sanitario che parte da molto lontano ma che oggi si \u00e8 acuita ulteriormente anche nella nostra provincia. Come sappiamo, al crescente innalzamento dell&#8217;et\u00e0 media del personale si \u00e8 aggiunta un\u2019eccessiva rigidit\u00e0 dei limiti della spesa del personale dipendente, che ha determinato negli anni il lavoro prestato presso gli enti e le aziende del sistema sanitario pubblico poco attrattivo\u201d.<img loading=\"lazy\" decoding=\"async\" class=\"size-medium wp-image-263436 alignright\" src=\"https:\/\/www.radioluna.it\/news\/wp-content\/uploads\/2020\/03\/mitrano-300x200.jpg\" alt=\"\" width=\"300\" height=\"200\" \/><\/p>\n<p style=\"text-align: justify;\">Un fenomeno sempre pi\u00f9 diffuso tanto da arrivare a parlare di medici a \u201cgettone\u201d. Cos\u00ec vengono definiti i professionisti reclutati dagli ospedali attraverso le cooperative che incassano una parte del cospicuo pagamento: oltre mille euro al giorno per ogni medico in servizio, almeno cento\/centocinquanta euro per ogni ora di turno. Cifre che stanno facendo vacillare le casse degli ospedali e delle Asl e che rischiano di scaricarsi sulla tenuta complessiva del bilancio regionale. \u00c8 necessario che il governo o la Regione intervenga con una norma che ponga un tetto massimo alle tariffe professionali per evitare una guerra al rialzo a danno solo dei cittadini ed evitare fughe dal Pubblico verso il privato. Nel paradosso per poi rientrare nel pubblico con tariffe molto pi\u00f9 elevate<\/p>\n<p style=\"text-align: justify;\">\u201cLa carenza di organico &#8211; spiega il consigliere regionale &#8211; inoltre, incide pesantemente sul personale medico-sanitario in servizio presso i nostri ospedali e che quotidianamente, con grande impegno e sacrificio, svolge il proprio compito spesso in condizioni disagiate e in forti condizioni di stress lavorativo. Considerazioni e riflessioni che ho esternato alla Dott.ssa Cavalli che ha ribadito il suo impegno nel trovare soluzioni finalizzate a normalizzare la situazione attraverso procedure ad evidenza pubblica. Il Direttore Generale dell\u2019Asl di Latina ha, inoltre, ribadito che si \u00e8 gi\u00e0 attivata per integrare del nuovo personale all\u2019interno della dotazione organica per far fronte a questa carenza impiegando ogni soluzione possibile. A breve, inoltre, presso gli ospedali di Formia, Fondi e Terracina, entreranno in organico due ematologi ed altrettanti oncologi. Non possiamo e non dobbiamo rassegnarci \u2013 conclude Mitrano &#8211; dobbiamo fare, ognuno per sua competenza, tutto ci\u00f2 che in una societ\u00e0 civile ci si aspetta soprattutto quando si tratta di sanit\u00e0 e della salute del cittadino. Bisogna fare in modo che i nostri ospedali non si trasformino in \u201ccontenitori\u201d o \u201cscatole vuote\u201d ma tornino ad essere un valido punto di riferimento di una sanit\u00e0 pubblica che, nonostante tutto, rappresenta un punto di riferimento per gli italiani\u201d.<\/p>\n","protected":false},"excerpt":{"rendered":"<p>LATINA &#8211;\u00a0 Il consigliere regionale del Lazio Cosmo Mitrano ha tenuto un confronto interlocutorio col Direttore Generale dell\u2019Asl Latina Dott.ssa Silvia Cavalli per fare il punto sullo stato di salute della sanit\u00e0 pubblica pontina. \u201cGli ospedali della nostra provincia &#8211; sottolinea Mitrano &#8211; versano in condizioni spesso al limite assumendo sempre l\u2019aspetto di contenitori \u201cvuoti\u201d [&hellip;]<\/p>\n","protected":false},"author":62,"featured_media":307841,"comment_status":"open","ping_status":"open","sticky":false,"template":"","format":"standard","meta":{"footnotes":""},"categories":[2616],"tags":[],"class_list":["post-328075","post","type-post","status-publish","format-standard","has-post-thumbnail","hentry","category-sanita"],"_links":{"self":[{"href":"https:\/\/www.radioluna.it\/news\/wp-json\/wp\/v2\/posts\/328075","targetHints":{"allow":["GET"]}}],"collection":[{"href":"https:\/\/www.radioluna.it\/news\/wp-json\/wp\/v2\/posts"}],"about":[{"href":"https:\/\/www.radioluna.it\/news\/wp-json\/wp\/v2\/types\/post"}],"author":[{"embeddable":true,"href":"https:\/\/www.radioluna.it\/news\/wp-json\/wp\/v2\/users\/62"}],"replies":[{"embeddable":true,"href":"https:\/\/www.radioluna.it\/news\/wp-json\/wp\/v2\/comments?post=328075"}],"version-history":[{"count":0,"href":"https:\/\/www.radioluna.it\/news\/wp-json\/wp\/v2\/posts\/328075\/revisions"}],"wp:featuredmedia":[{"embeddable":true,"href":"https:\/\/www.radioluna.it\/news\/wp-json\/wp\/v2\/media\/307841"}],"wp:attachment":[{"href":"https:\/\/www.radioluna.it\/news\/wp-json\/wp\/v2\/media?parent=328075"}],"wp:term":[{"taxonomy":"category","embeddable":true,"href":"https:\/\/www.radioluna.it\/news\/wp-json\/wp\/v2\/categories?post=328075"},{"taxonomy":"post_tag","embeddable":true,"href":"https:\/\/www.radioluna.it\/news\/wp-json\/wp\/v2\/tags?post=328075"}],"curies":[{"name":"wp","href":"https:\/\/api.w.org\/{rel}","templated":true}]}}