{"id":328177,"date":"2023-04-24T12:03:41","date_gmt":"2023-04-24T10:03:41","guid":{"rendered":"https:\/\/www.radioluna.it\/news\/?p=328177"},"modified":"2023-04-25T11:02:17","modified_gmt":"2023-04-25T09:02:17","slug":"incidenti-associazione-vittime-della-strada-i-ragazzi-ricordino-sempre-quanto-sono-pericolose-e-mortali-alta-velocita-e-disattenzione","status":"publish","type":"post","link":"https:\/\/www.radioluna.it\/news\/2023\/04\/incidenti-associazione-vittime-della-strada-i-ragazzi-ricordino-sempre-quanto-sono-pericolose-e-mortali-alta-velocita-e-disattenzione\/","title":{"rendered":"Associazione Vittime della Strada: &#8220;I ragazzi ricordino sempre quanto sono pericolose e mortali alta velocit\u00e0 e disattenzione&#8221;"},"content":{"rendered":"<div id=\"fb-root\"><\/div>\n<p style=\"text-align: justify;\"><strong>LATINA &#8211; <\/strong>Mentre proseguono gli accertamenti sull&#8217;incidente nel quale ha perso la vita sulla Migliara 47 Matteo Campagna, il terzo 21enne scomparso nel solo mese di aprile sulle strade provinciali di Latina,\u00a0 Giovanni Delle Cave, rappresentante locale dell&#8217;Associazione Familiari e Vittime della Strada di Latina lancia un appello ai giovani, perch\u00e9 siano pi\u00f9 consapevoli quando sono al volante.<\/p>\n<p style=\"text-align: justify;\">&#8220;Che ricordino sempre quanto \u00e8 pericolosa e mortale l&#8217; alta velocit\u00e0 e la disattenzione alla guida, soprattutto nelle ore tarde della notte, quando i riflessi del guidatore possono essere indeboliti dalla stanchezza e dagli effetti delle eventuali bevande alcoliche assunte. Bisogna sempre essere vigili perch\u00e9, nonostante le misure di prevenzione, il pericolo \u00e8 sempre in agguato e spesso gli incidenti pi\u00f9 gravi, se non addirittura mortali, avvengono proprio nei tratti vicino a casa, quando ormai l&#8217;attenzione e la tensione alla guida si sono attenuate&#8221;, scrive Delle Cave ricordando alcuni dati. Le cause (presunte) di incidente mortale sono quasi sempre riconducibili ad errori di guida o mancato rispetto delle norme stradali: 31% eccesso di velocit\u00e0; 20% mancata precedenza; 16% per stato psico-fisico alterato (abusi di alcool o droga, malore); 14% distrazione del conducente. Nel caso degli incidenti diurni, 3 su 4 avvengono per collisioni con altri veicoli, a differenza di quanto avviene di notte, quando diventano meno della met\u00e0. &#8220;Con il sopraggiungere del buio diventano pi\u00f9 frequenti cause riconducibili a imprudenza &#8211; conclude il pap\u00e0 di Eros &#8211; Come padre pieno di dolore vi dico: Ragazzi Amate la Vita&#8221;.<\/p>\n<p style=\"text-align: justify;\">Nell&#8217;ultimo fatale incidente avvenuto nella notte di sabato tra Sezze e Pontinia, a giocare un ruolo decisivo sarebbero state una serie di concause: il tasso alcolemico del giovane alla guida, molto superiore al consentito, l&#8217;asfalto dissestato, la velocit\u00e0 elevata e la poca esperienza dello stesso conducente, ricoverato ora in gravi condizioni al Goretti.<\/p>\n","protected":false},"excerpt":{"rendered":"<p>LATINA &#8211; Mentre proseguono gli accertamenti sull&#8217;incidente nel quale ha perso la vita sulla Migliara 47 Matteo Campagna, il terzo 21enne scomparso nel solo mese di aprile sulle strade provinciali di Latina,\u00a0 Giovanni Delle Cave, rappresentante locale dell&#8217;Associazione Familiari e Vittime della Strada di Latina lancia un appello ai giovani, perch\u00e9 siano pi\u00f9 consapevoli quando [&hellip;]<\/p>\n","protected":false},"author":62,"featured_media":309096,"comment_status":"open","ping_status":"open","sticky":false,"template":"","format":"standard","meta":{"footnotes":""},"categories":[7],"tags":[],"class_list":["post-328177","post","type-post","status-publish","format-standard","has-post-thumbnail","hentry","category-cronaca"],"_links":{"self":[{"href":"https:\/\/www.radioluna.it\/news\/wp-json\/wp\/v2\/posts\/328177","targetHints":{"allow":["GET"]}}],"collection":[{"href":"https:\/\/www.radioluna.it\/news\/wp-json\/wp\/v2\/posts"}],"about":[{"href":"https:\/\/www.radioluna.it\/news\/wp-json\/wp\/v2\/types\/post"}],"author":[{"embeddable":true,"href":"https:\/\/www.radioluna.it\/news\/wp-json\/wp\/v2\/users\/62"}],"replies":[{"embeddable":true,"href":"https:\/\/www.radioluna.it\/news\/wp-json\/wp\/v2\/comments?post=328177"}],"version-history":[{"count":0,"href":"https:\/\/www.radioluna.it\/news\/wp-json\/wp\/v2\/posts\/328177\/revisions"}],"wp:featuredmedia":[{"embeddable":true,"href":"https:\/\/www.radioluna.it\/news\/wp-json\/wp\/v2\/media\/309096"}],"wp:attachment":[{"href":"https:\/\/www.radioluna.it\/news\/wp-json\/wp\/v2\/media?parent=328177"}],"wp:term":[{"taxonomy":"category","embeddable":true,"href":"https:\/\/www.radioluna.it\/news\/wp-json\/wp\/v2\/categories?post=328177"},{"taxonomy":"post_tag","embeddable":true,"href":"https:\/\/www.radioluna.it\/news\/wp-json\/wp\/v2\/tags?post=328177"}],"curies":[{"name":"wp","href":"https:\/\/api.w.org\/{rel}","templated":true}]}}