{"id":328357,"date":"2023-04-27T08:24:55","date_gmt":"2023-04-27T06:24:55","guid":{"rendered":"https:\/\/www.radioluna.it\/news\/?p=328357"},"modified":"2023-04-27T08:24:55","modified_gmt":"2023-04-27T06:24:55","slug":"a-gonfie-vele-coletta-incontra-il-prefetto-falco","status":"publish","type":"post","link":"https:\/\/www.radioluna.it\/news\/2023\/04\/a-gonfie-vele-coletta-incontra-il-prefetto-falco\/","title":{"rendered":"A Gonfie Vele, Coletta incontra il prefetto Falco"},"content":{"rendered":"<div id=\"fb-root\"><\/div>\n<p style=\"text-align: justify;\"><strong>LATINA<\/strong> &#8211; Il candidato sindaco Damiano Coletta ha incontrato oggi, mercoled\u00ec 26 aprile, il prefetto di Latina Maurizio Falco. L\u2019incontro \u00e8 stata l\u2019occasione per parlare della citt\u00e0 ma anche della macchina organizzativa delle imminenti elezioni amministrative, con l\u2019auspicio di superare le criticit\u00e0 che si sono registrate nelle passate tornate elettorali.<br \/>\n\u201cHo avuto il piacere di incontrare il prefetto Falco \u2013 ha dichiarato il candidato Damiano Coletta &#8211; al quale ho rinnovato la mia stima per il lavoro svolto sul territorio e per la vicinanza che non ha mai fatto mancare durante le passate amministrazioni. Un\u2019occasione anche per ringraziarlo del rapporto che durante la mia attivit\u00e0 di sindaco si \u00e8 instaurato anche nella gestione di momenti di particolare criticit\u00e0, come quello dell\u2019emergenza legata alla pandemia. Abbiamo sempre lavorato in un\u2019ottica di leale sinergia istituzionale, con spirito fattivo, grande capacit\u00e0 di collaborazione e rispetto reciproco\u201d.<\/p>\n<div class=\"radio-posizionamento-telefono-in-articoli-dopo-il-contenuto-articolo radio-entity-placement\" id=\"radio-1634405536\"><div id=\"radio-2735482308\" style=\"width: 300px;height: 250px;\"><a href=\"https:\/\/www.icarspa.it\/auto\/usate\/latina\/\" aria-label=\"banner aprile icar new life &#8211; auto usate latina\"><img loading=\"lazy\" decoding=\"async\" src=\"https:\/\/www.radioluna.it\/news\/wp-content\/uploads\/2026\/02\/banner-aprile-icar-new-life-auto-usate-latina.gif\" alt=\"\"  width=\"300\" height=\"250\"   \/><\/a><\/div><\/div>","protected":false},"excerpt":{"rendered":"<p>LATINA &#8211; Il candidato sindaco Damiano Coletta ha incontrato oggi, mercoled\u00ec 26 aprile, il prefetto di Latina Maurizio Falco. L\u2019incontro \u00e8 stata l\u2019occasione per parlare della citt\u00e0 ma anche della macchina organizzativa delle imminenti elezioni amministrative, con l\u2019auspicio di superare le criticit\u00e0 che si sono registrate nelle passate tornate elettorali. \u201cHo avuto il piacere di [&hellip;]<\/p>\n","protected":false},"author":60,"featured_media":328363,"comment_status":"open","ping_status":"open","sticky":false,"template":"","format":"standard","meta":{"footnotes":""},"categories":[8],"tags":[],"class_list":["post-328357","post","type-post","status-publish","format-standard","has-post-thumbnail","hentry","category-politica"],"_links":{"self":[{"href":"https:\/\/www.radioluna.it\/news\/wp-json\/wp\/v2\/posts\/328357","targetHints":{"allow":["GET"]}}],"collection":[{"href":"https:\/\/www.radioluna.it\/news\/wp-json\/wp\/v2\/posts"}],"about":[{"href":"https:\/\/www.radioluna.it\/news\/wp-json\/wp\/v2\/types\/post"}],"author":[{"embeddable":true,"href":"https:\/\/www.radioluna.it\/news\/wp-json\/wp\/v2\/users\/60"}],"replies":[{"embeddable":true,"href":"https:\/\/www.radioluna.it\/news\/wp-json\/wp\/v2\/comments?post=328357"}],"version-history":[{"count":0,"href":"https:\/\/www.radioluna.it\/news\/wp-json\/wp\/v2\/posts\/328357\/revisions"}],"wp:featuredmedia":[{"embeddable":true,"href":"https:\/\/www.radioluna.it\/news\/wp-json\/wp\/v2\/media\/328363"}],"wp:attachment":[{"href":"https:\/\/www.radioluna.it\/news\/wp-json\/wp\/v2\/media?parent=328357"}],"wp:term":[{"taxonomy":"category","embeddable":true,"href":"https:\/\/www.radioluna.it\/news\/wp-json\/wp\/v2\/categories?post=328357"},{"taxonomy":"post_tag","embeddable":true,"href":"https:\/\/www.radioluna.it\/news\/wp-json\/wp\/v2\/tags?post=328357"}],"curies":[{"name":"wp","href":"https:\/\/api.w.org\/{rel}","templated":true}]}}