{"id":328392,"date":"2023-04-27T12:07:53","date_gmt":"2023-04-27T10:07:53","guid":{"rendered":"https:\/\/www.radioluna.it\/news\/?p=328392"},"modified":"2023-04-27T12:32:07","modified_gmt":"2023-04-27T10:32:07","slug":"ospedali-la-regione-lazio-centralizza-le-assunzioni-la-penna-rischio-paralisi-per-le-asl","status":"publish","type":"post","link":"https:\/\/www.radioluna.it\/news\/2023\/04\/ospedali-la-regione-lazio-centralizza-le-assunzioni-la-penna-rischio-paralisi-per-le-asl\/","title":{"rendered":"Ospedali, la Regione Lazio centralizza le assunzioni, La Penna: &#8220;Rischio paralisi per le Asl&#8221;"},"content":{"rendered":"<div id=\"fb-root\"><\/div>\n<p style=\"text-align: justify;\"><strong>LATINA<\/strong> &#8211; Mentre la carenza di personale in ospedali e strutture sanitarie strozza il servizio, fa discutere la decisione della Regione Lazio che con &#8220;Disposizioni in merito all\u2019assunzione di personale da parte delle Aziende e degli Enti del SSR\u201d (determinazione dirigenziale n. G05286 del 18 aprile 2023), ha di fatto ha deciso di accentrare le procedure impedendo alle Asl di\u00a0 assumere in autonomia cos\u00ec come sempre accaduto.<\/p>\n<p style=\"text-align: justify;\">&#8220;Viene naturale chiedersi il motivo di un accentramento cos\u00ec drastico sull\u2019assunzione di personale in capo alle strutture regionali, con una forte limitazione dell\u2019autonomia delle Asl e con un commissariamento di fatto che rischia di paralizzare le procedure di reclutamento in una fase di importante carenza di personale e necessit\u00e0 di assicurare l\u2019erogazione dei servizi di cura e di assistenza &#8211; scrive in\u00a0 una nota il consigliere regionale pontino Salvatore La Penna membro di opposizione in Commissione Sanit\u00e0 e Politiche Sociali &#8211; Tale scelta rischia di produrre problematiche ancora pi\u00f9 penalizzanti nelle province e nei territori pi\u00f9 periferici, dove l\u2019attivit\u00e0 di reclutamento e di reperimento del personale \u00e8 ancora pi\u00f9 complicata&#8221;.<\/p>\n<p style=\"text-align: justify;\">E prosegue: &#8220;Tutto ci\u00f2 \u00e8 avvenuto senza un adeguato confronto con le organizzazioni sindacali, con una estensione del provvedimento a svariate tipologie procedurali e con meccanismi autorizzativi applicati ad ogni step e segmento di ogni singola procedura. Si rischia di ingessare in maniera inopportuna il reclutamento del personale laddove insistono gi\u00e0 gravi carenze e rallentare l\u2019assegnazione di ruoli apicali decisivi per il funzionamento delle unit\u00e0 operative complesse degli ospedali e dei presidi sanitari del nostro territorio. La Regione gi\u00e0 interviene sul controllo della spesa relativa ai processi assunzionali, a monte, autorizzando i budget alle varie Aziende del Servizio e la determinazione assunta mostra dubbi dal punto di vista normativo che vanno chiariti. Non basta far trapelare che la decisione avrebbe un carattere temporaneo; appare necessario che il Presidente Rocca venga in Commissione Sanit\u00e0 per un confronto e per i chiarimenti necessari&#8221;.<\/p>\n<p style=\"text-align: justify;\">Proprio la carenza e le difficolt\u00e0 di reclutamento del personale sanitario erano state al centro alcuni giorni fa di un colloquio a 360\u00b0 tra la manager della Asl di Latina Silvia Cavalli e il consigliere regionale Cosmo Mitrano, presidente della commissione lavori pubblici del Lazio. \u201cGli ospedali della nostra provincia \u2013 aveva sottolineato Mitrano \u2013 versano in condizioni spesso al limite assumendo sempre l\u2019aspetto di contenitori \u201cvuoti\u201d per la carenza di personale medico-sanitario. Questo depotenziamento determina una condizione che non consente pi\u00f9 di poter rispondere alle esigenze di un\u2019utenza che, come anello debole in un sistema in crisi, paga le conseguenze pi\u00f9 pesanti&#8221;, indicando poi il percorso suggerito dal Presidente Rocca come quello capace di dare frutti.<\/p>\n<p>Per il momento le Asl dovranno attendere il s\u00ec della Regione e in caso di silenzio da parte dell&#8217;Ente, sar\u00e0 diniego.<\/p>\n<div class=\"radio-posizionamento-telefono-in-articoli-dopo-il-contenuto-articolo radio-entity-placement\" id=\"radio-3344738063\"><div id=\"radio-2808141671\" style=\"width: 300px;height: 250px;\"><a href=\"https:\/\/www.icarspa.it\/auto\/usate\/latina\/\" aria-label=\"banner aprile icar new life &#8211; auto usate latina\"><img loading=\"lazy\" decoding=\"async\" src=\"https:\/\/www.radioluna.it\/news\/wp-content\/uploads\/2026\/02\/banner-aprile-icar-new-life-auto-usate-latina.gif\" alt=\"\"  width=\"300\" height=\"250\"   \/><\/a><\/div><\/div>","protected":false},"excerpt":{"rendered":"<p>LATINA &#8211; Mentre la carenza di personale in ospedali e strutture sanitarie strozza il servizio, fa discutere la decisione della Regione Lazio che con &#8220;Disposizioni in merito all\u2019assunzione di personale da parte delle Aziende e degli Enti del SSR\u201d (determinazione dirigenziale n. G05286 del 18 aprile 2023), ha di fatto ha deciso di accentrare le [&hellip;]<\/p>\n","protected":false},"author":62,"featured_media":321712,"comment_status":"open","ping_status":"open","sticky":false,"template":"","format":"standard","meta":{"footnotes":""},"categories":[2616],"tags":[],"class_list":["post-328392","post","type-post","status-publish","format-standard","has-post-thumbnail","hentry","category-sanita"],"_links":{"self":[{"href":"https:\/\/www.radioluna.it\/news\/wp-json\/wp\/v2\/posts\/328392","targetHints":{"allow":["GET"]}}],"collection":[{"href":"https:\/\/www.radioluna.it\/news\/wp-json\/wp\/v2\/posts"}],"about":[{"href":"https:\/\/www.radioluna.it\/news\/wp-json\/wp\/v2\/types\/post"}],"author":[{"embeddable":true,"href":"https:\/\/www.radioluna.it\/news\/wp-json\/wp\/v2\/users\/62"}],"replies":[{"embeddable":true,"href":"https:\/\/www.radioluna.it\/news\/wp-json\/wp\/v2\/comments?post=328392"}],"version-history":[{"count":0,"href":"https:\/\/www.radioluna.it\/news\/wp-json\/wp\/v2\/posts\/328392\/revisions"}],"wp:featuredmedia":[{"embeddable":true,"href":"https:\/\/www.radioluna.it\/news\/wp-json\/wp\/v2\/media\/321712"}],"wp:attachment":[{"href":"https:\/\/www.radioluna.it\/news\/wp-json\/wp\/v2\/media?parent=328392"}],"wp:term":[{"taxonomy":"category","embeddable":true,"href":"https:\/\/www.radioluna.it\/news\/wp-json\/wp\/v2\/categories?post=328392"},{"taxonomy":"post_tag","embeddable":true,"href":"https:\/\/www.radioluna.it\/news\/wp-json\/wp\/v2\/tags?post=328392"}],"curies":[{"name":"wp","href":"https:\/\/api.w.org\/{rel}","templated":true}]}}