{"id":328398,"date":"2023-04-27T13:16:15","date_gmt":"2023-04-27T11:16:15","guid":{"rendered":"https:\/\/www.radioluna.it\/news\/?p=328398"},"modified":"2023-04-27T13:17:27","modified_gmt":"2023-04-27T11:17:27","slug":"matilde-celentano-incontra-e-ringrazia-il-prefetto-falco","status":"publish","type":"post","link":"https:\/\/www.radioluna.it\/news\/2023\/04\/matilde-celentano-incontra-e-ringrazia-il-prefetto-falco\/","title":{"rendered":"Matilde Celentano incontra e ringrazia il Prefetto Falco"},"content":{"rendered":"<div id=\"fb-root\"><\/div>\n<p style=\"text-align: justify;\"><strong>LATINA\u00a0<\/strong> &#8211; La candidata sindaco del centrodestra Matilde Celentano ha incontrato il prefetto di Latina Maurizio Falco. \u201cUn atto dovuto \u2013 ha spiegato &#8211; per ringraziarlo per tutto il lavoro che sta facendo in citt\u00e0 e in provincia, mostrando particolare sensibilit\u00e0 verso la comunit\u00e0 pontina\u201d.<br \/>\nCelentano ha pronunciato parole di apprezzamento nei confronti del Prefetto anche \u201cper il coordinamento svolto, a vari livelli, durante il lungo periodo della pandemia, al fine del suo contenimento, senza mai far mancare la sua vicinanza ai cittadini\u201d.<br \/>\n\u201cNel corso dell\u2019incontro di oggi \u2013 ha affermato Celentano &#8211; abbiamo affrontato temi relativi alle criticit\u00e0 che affliggono il territorio. Ci siamo soffermati sulla questione sicurezza, in via generale, ma anche approfondendo alcuni aspetti. Si \u00e8 parlato della sicurezza necessaria in questo periodo di campagna elettorale e nelle fasi delle procedure di voto\u201d.<\/p>\n<p style=\"text-align: justify;\">\u201cRingrazio il prefetto Falco dell\u2019ospitalit\u00e0 ricevuta questa mattina. Per me \u00e8 stato un piacere, ma soprattutto un momento di riflessione\u201d, ha concluso la candidata sindaco.<\/p>\n<div class=\"radio-posizionamento-telefono-in-articoli-dopo-il-contenuto-articolo radio-entity-placement\" id=\"radio-2584941451\"><div id=\"radio-1013504517\"><a href=\"https:\/\/www.simeoneceramiche.com\/\" aria-label=\"SIMEONE CERAMICHE GIF animata per radioluna_Tavola disegno 1 copia 2 (online-video-cutter.com)\"><img loading=\"lazy\" decoding=\"async\" src=\"https:\/\/www.radioluna.it\/news\/wp-content\/uploads\/2025\/05\/SIMEONE-CERAMICHE-GIF-animata-per-radioluna_Tavola-disegno-1-copia-2-online-video-cutter.com_.gif\" alt=\"\"  width=\"300\" height=\"250\"   \/><\/a><\/div><\/div>","protected":false},"excerpt":{"rendered":"<p>LATINA\u00a0 &#8211; La candidata sindaco del centrodestra Matilde Celentano ha incontrato il prefetto di Latina Maurizio Falco. \u201cUn atto dovuto \u2013 ha spiegato &#8211; per ringraziarlo per tutto il lavoro che sta facendo in citt\u00e0 e in provincia, mostrando particolare sensibilit\u00e0 verso la comunit\u00e0 pontina\u201d. Celentano ha pronunciato parole di apprezzamento nei confronti del Prefetto [&hellip;]<\/p>\n","protected":false},"author":60,"featured_media":328399,"comment_status":"open","ping_status":"open","sticky":false,"template":"","format":"standard","meta":{"footnotes":""},"categories":[8],"tags":[],"class_list":["post-328398","post","type-post","status-publish","format-standard","has-post-thumbnail","hentry","category-politica"],"_links":{"self":[{"href":"https:\/\/www.radioluna.it\/news\/wp-json\/wp\/v2\/posts\/328398","targetHints":{"allow":["GET"]}}],"collection":[{"href":"https:\/\/www.radioluna.it\/news\/wp-json\/wp\/v2\/posts"}],"about":[{"href":"https:\/\/www.radioluna.it\/news\/wp-json\/wp\/v2\/types\/post"}],"author":[{"embeddable":true,"href":"https:\/\/www.radioluna.it\/news\/wp-json\/wp\/v2\/users\/60"}],"replies":[{"embeddable":true,"href":"https:\/\/www.radioluna.it\/news\/wp-json\/wp\/v2\/comments?post=328398"}],"version-history":[{"count":0,"href":"https:\/\/www.radioluna.it\/news\/wp-json\/wp\/v2\/posts\/328398\/revisions"}],"wp:featuredmedia":[{"embeddable":true,"href":"https:\/\/www.radioluna.it\/news\/wp-json\/wp\/v2\/media\/328399"}],"wp:attachment":[{"href":"https:\/\/www.radioluna.it\/news\/wp-json\/wp\/v2\/media?parent=328398"}],"wp:term":[{"taxonomy":"category","embeddable":true,"href":"https:\/\/www.radioluna.it\/news\/wp-json\/wp\/v2\/categories?post=328398"},{"taxonomy":"post_tag","embeddable":true,"href":"https:\/\/www.radioluna.it\/news\/wp-json\/wp\/v2\/tags?post=328398"}],"curies":[{"name":"wp","href":"https:\/\/api.w.org\/{rel}","templated":true}]}}