{"id":328505,"date":"2023-04-28T20:08:58","date_gmt":"2023-04-28T18:08:58","guid":{"rendered":"https:\/\/www.radioluna.it\/news\/?p=328505"},"modified":"2023-04-28T20:08:58","modified_gmt":"2023-04-28T18:08:58","slug":"celentano-e-coletta-a-confronto-con-gli-imprenditori-di-federlazio-latina","status":"publish","type":"post","link":"https:\/\/www.radioluna.it\/news\/2023\/04\/celentano-e-coletta-a-confronto-con-gli-imprenditori-di-federlazio-latina\/","title":{"rendered":"Celentano e Coletta a confronto con gli imprenditori di Federlazio Latina"},"content":{"rendered":"<div id=\"fb-root\"><\/div>\n<p style=\"text-align: justify;\"><strong>LATINA\u00a0<\/strong> &#8211; Si \u00e8 tenuto questa mattina nella sede di Federlazio l\u2019incontro dei candidati sindaco di Latina Matilde Celentano e Damiano Coletta con una rappresentanza degli imprenditori iscritti all&#8217;associazione di categoria. In due momenti separati, i rappresentanti politici del centrodestra e del centrosinistra hanno risposto alle domande della direttrice di Federlazio Stefania Dottori, alla presenza del Presidente Marco Picca.<\/p>\n<p style=\"text-align: justify;\"><strong>CELENTANO &#8211;<\/strong> \u201cPer noi \u00e8 importante ascoltare tutte le associazioni di categorie e credo sia fondamentale fare rete &#8211; ha dichiarato Matilde Celentano -. Abbiamo intenzione di istituire un tavolo tecnico programmatico strategico con le associazioni di categoria. Noi abbiamo bisogno di voi, come voi avete bisogno di noi\u201d. Sviluppo \u00e8 stata la parola chiave utilizzata dalla candidata Sindaco. \u201cDobbiamo andare incontro alle imprese di ogni genere che vogliono venire a investire del territorio. Fare impresa sul territorio vuol dire essere un volano per tutta la citt\u00e0\u201d.<\/p>\n<p style=\"text-align: justify;\">\u201cAffronteremo le tematiche relative alla marina: dovr\u00e0 essere sistemata la viabilit\u00e0 sia nel lato destro che nel lato sinistro. Abbiamo gi\u00e0 i fondi per il completamento di via Massaro per una viabilit\u00e0 alternativa. L\u2019erosione costiera va affrontata con un ripascimento che coinvolga tutti i comuni della provincia. Il sindaco \u00e8 a capo della conferenza dei sindaci della provincia, strumento da utilizzare ad esempio in questo caso per un\u2019azione unitaria. S\u00ec anche alla destagionalizzazione strutturata, per cui mi sono battuta anche in consiglio comunale. Al centro del nostro programma di governo sulla marina &#8211; ha continuato Celentano &#8211; c\u2019\u00e8 il progetto del porto, ma anche la possibilit\u00e0 per le piccole imbarcazioni di arrivare perch\u00e9 manchiamo di punti di alaggio da entrambi i lati del lungomare\u201d. Riguardo ai progetti sul centro storico Celentano ha riferito di aver incontrato i commercianti che hanno manifestato prima di ogni cosa il problema dell\u2019essenza di decoro. Per la candidata \u201cl\u2019ordinario e la pulizia non dovrebbero essere azioni straordinarie. Va inoltre rimodulata l\u2019isola pedonale, prendendo esempio da citt\u00e0 virtuose. Va riempita di contenuti calendarizzati, cos\u00ec da indurre le persone ad andare in centro\u201d. Celentano ha anche toccato il tema della cultura tornando a sottolineare che il capolista della lista \u201cMatilde Celentano Sindaco\u201d \u00e8 Vittorio Sgarbi, sottosegretario alla cultura.<\/p>\n<p style=\"text-align: justify;\"><strong>COLETTA<\/strong> &#8211; L&#8217;ex sindaco Damiano Coletta, ha definito l&#8217;incontro &#8220;proficuo e aperto alla collaborazione&#8221; . Al centro della discussione lo sviluppo del territorio, che per Coletta deve necessariamente passare per una strada \u201csostenibile\u201d: \u201cNon possiamo costruire uno sviluppo economico che non sia suffragato dall\u2019oggettivit\u00e0 della sostenibilit\u00e0 e dall\u2019analisi dei dati. Il dato di partenza saranno i 70 milioni di euro di fondi del Pnrr, che saranno impiegati per il progetto \u2018A gonfie vele\u2019, per la riqualificazione del Nicolosi e per quella del Parco Falcone e Borsellino, ma anche i tanti progetti di rigenerazione di cui sono state gettate le basi: l\u2019ex Banca d\u2019Italia, il mercato annonario, la Casa della musica, il Garage Ruspi, la biblioteca. Ma sviluppo e riqualificazione non lasceranno indietro le periferie e i borghi. In questo senso sar\u00e0 fondamentale costruire una maggiore connessione anche attraverso la mobilit\u00e0 e il trasporto pubblico locale che, grazie alle nostre amministrazioni, ha una nuova gestione, nuovi mezzi e un aumento della quota chilometrica\u201d. Sull\u2019urbanistica Coletta ha citato le esperienze riuscite dell\u2019Ufficio di Piano e dell\u2019Urban center e ha ricordato i contatti gi\u00e0 avuti con il professor Boeri e con il professor Femia per alcuni progetti di rigenerazione urbana della citt\u00e0, tra cui quello dello Scuola social impact che prevede la trasformazione delle scuole con una fruizione h24. Ha poi ricordato gli investimenti dell\u2019universit\u00e0 La Sapienza grazie alle sinergie create con l\u2019amministrazione, con l\u2019avvio a Latina di due nuove facolt\u00e0 che rispondono alle esigenze del territorio.<\/p>\n<p style=\"text-align: justify;\">\u201cSviluppo economico \u2013 ha aggiunto il candidato Coletta \u2013 significa migliorare ulteriormente il collegamento con la Marina, ma anche rispettare e tutelare la costa con l\u2019attivazione del protocollo per il ripascimento utilizzando i 5 milioni di euro per intervenire sull\u2019erosione costiera. Credo sia imminente l\u2019assegnazione per la gestione dei posti barca del canale di Rio Martino, che prevede anche la realizzazione del dragaggio da parte della societ\u00e0 aggiudicatrice\u201d. Ancora sullo sviluppo del territorio dal punto di vista turistico ambientale, Coletta ha segnalato la creazione della Dmo, di cui Latina \u00e8 Comune capofila, che con il progetto Latium Experience promuove il cicloturismo, i percorsi enogastronomici e il sistema integrato delle citt\u00e0 di fondazione. Oltre a questo erano gi\u00e0 stati avviati nei mesi scorsi contatti politici con il sindaco di Roma Gualtieri per la possibilit\u00e0 di avere, per la citt\u00e0 di Latina, opportunit\u00e0 per l\u2019Expo e per il Giubileo con pacchetti turistici che comprendano anche il nostro territorio.<\/p>\n<p style=\"text-align: justify;\">Si \u00e8 parlato anche di decoro urbano e sotto questo aspetto l\u2019ex primo cittadino ha ricordato che per la gestione del verde pubblico nel 2016 l\u2019amministrazione aveva trovato in bilancio 250mila euro: \u201cAbbiamo messo un milione di euro con un accordo quadro che prevedeva l\u2019azione di sei ditte \u2013 ha spiegato il candidato \u2013 Abbiamo su questo cambiato la marcia. Cos\u00ec come sulle strade: avevamo stanziato 5 milioni per interventi strutturali, puntando sulle principali arterie del territorio. Siamo stati l\u2019amministrazione che negli ultimi 20 anni ha investito pi\u00f9 risorse\u201d. \u201cSiamo partiti da Latina Ambiente e da 30 milioni di debito \u2013 ha poi ricordato Damiano Coletta parlando poi della gestione dei rifiuti \u2013 Una societ\u00e0 fallita che era al 30% di differenziata e che aveva personale precario. L\u2019abbiamo trasformata in un\u2019azienda pubblica con bilanci in equilibrio, che stabilizzato 100 dipendenti e che ha una raccolta differenziata dell\u201982% \u00a0nelle zone in cui \u00e8 entrato a regime il porta a porta\u201d.<\/p>\n<p style=\"text-align: justify;\">\u201cConcordiamo con la necessit\u00e0 di sburocratizzare molte procedure, accogliendo le istanze degli imprenditori \u2013 ha poi proseguito affrontando tutti i temi toccati nel vertice in Federlazio &#8211; Il nostro sistema farraginoso rallenta spesso molti processi nella pubblica amministrazione e di questo mi ero fatto gi\u00e0 carico avendo un ruolo all\u2019interno dell\u2019Anci e avendo costruito nel tempo ottimi rapporti con i sindaci di citt\u00e0 medio grandi\u201d. Economia sana e sostenibile \u00e8 dunque quello su cui punta il candidato Coletta: \u201cQuesta \u00e8 l\u2019economia che sta ripartendo, questa \u00e8 la nostra visione di citt\u00e0, lontana da un\u2019economia tossica fatta da illusione e da opere mai realizzate perch\u00e9 non sostenibili. Questa \u00e8 anche la nostra visione del turismo e delle infrastrutture portuali: una prospettiva che contempli un giusto equilibrio tra il turismo balneare, che risponde alla vocazione del territorio, e quello nautico ma a basso impatto. Ogni opera deve essere sostenibile non solo dal punto di vista ambientale ma anche economico e amministrativo\u201d.<\/p>\n<p style=\"text-align: justify;\">\n<div class=\"radio-posizionamento-telefono-in-articoli-dopo-il-contenuto-articolo radio-entity-placement\" id=\"radio-3837894754\"><div id=\"radio-3054036363\"><a href=\"https:\/\/www.simeoneceramiche.com\/\" aria-label=\"SIMEONE CERAMICHE GIF animata per radioluna_Tavola disegno 1 copia 2 (online-video-cutter.com)\"><img loading=\"lazy\" decoding=\"async\" src=\"https:\/\/www.radioluna.it\/news\/wp-content\/uploads\/2025\/05\/SIMEONE-CERAMICHE-GIF-animata-per-radioluna_Tavola-disegno-1-copia-2-online-video-cutter.com_.gif\" alt=\"\"  width=\"300\" height=\"250\"   \/><\/a><\/div><\/div>","protected":false},"excerpt":{"rendered":"<p>LATINA\u00a0 &#8211; Si \u00e8 tenuto questa mattina nella sede di Federlazio l\u2019incontro dei candidati sindaco di Latina Matilde Celentano e Damiano Coletta con una rappresentanza degli imprenditori iscritti all&#8217;associazione di categoria. In due momenti separati, i rappresentanti politici del centrodestra e del centrosinistra hanno risposto alle domande della direttrice di Federlazio Stefania Dottori, alla presenza [&hellip;]<\/p>\n","protected":false},"author":60,"featured_media":328382,"comment_status":"open","ping_status":"open","sticky":false,"template":"","format":"gallery","meta":{"footnotes":""},"categories":[8],"tags":[],"class_list":["post-328505","post","type-post","status-publish","format-gallery","has-post-thumbnail","hentry","category-politica","post_format-post-format-gallery"],"_links":{"self":[{"href":"https:\/\/www.radioluna.it\/news\/wp-json\/wp\/v2\/posts\/328505","targetHints":{"allow":["GET"]}}],"collection":[{"href":"https:\/\/www.radioluna.it\/news\/wp-json\/wp\/v2\/posts"}],"about":[{"href":"https:\/\/www.radioluna.it\/news\/wp-json\/wp\/v2\/types\/post"}],"author":[{"embeddable":true,"href":"https:\/\/www.radioluna.it\/news\/wp-json\/wp\/v2\/users\/60"}],"replies":[{"embeddable":true,"href":"https:\/\/www.radioluna.it\/news\/wp-json\/wp\/v2\/comments?post=328505"}],"version-history":[{"count":0,"href":"https:\/\/www.radioluna.it\/news\/wp-json\/wp\/v2\/posts\/328505\/revisions"}],"wp:featuredmedia":[{"embeddable":true,"href":"https:\/\/www.radioluna.it\/news\/wp-json\/wp\/v2\/media\/328382"}],"wp:attachment":[{"href":"https:\/\/www.radioluna.it\/news\/wp-json\/wp\/v2\/media?parent=328505"}],"wp:term":[{"taxonomy":"category","embeddable":true,"href":"https:\/\/www.radioluna.it\/news\/wp-json\/wp\/v2\/categories?post=328505"},{"taxonomy":"post_tag","embeddable":true,"href":"https:\/\/www.radioluna.it\/news\/wp-json\/wp\/v2\/tags?post=328505"}],"curies":[{"name":"wp","href":"https:\/\/api.w.org\/{rel}","templated":true}]}}