{"id":328809,"date":"2023-05-05T11:19:21","date_gmt":"2023-05-05T09:19:21","guid":{"rendered":"https:\/\/www.radioluna.it\/news\/?p=328809"},"modified":"2023-05-05T11:19:21","modified_gmt":"2023-05-05T09:19:21","slug":"scudetto-la-festa-dei-tifosi-napoletani-a-latina-e-formia","status":"publish","type":"post","link":"https:\/\/www.radioluna.it\/news\/2023\/05\/scudetto-la-festa-dei-tifosi-napoletani-a-latina-e-formia\/","title":{"rendered":"Scudetto, la festa dei tifosi napoletani a Latina e Formia"},"content":{"rendered":"<div id=\"fb-root\"><\/div>\n<div style=\"width: 640px;\" class=\"wp-video\"><video class=\"wp-video-shortcode\" id=\"video-328809-1\" width=\"640\" height=\"304\" preload=\"metadata\" controls=\"controls\"><source type=\"video\/mp4\" src=\"https:\/\/www.radioluna.it\/news\/wp-content\/uploads\/2023\/05\/WhatsApp-Video-2023-05-05-at-09.14.11.mp4?_=1\" \/><a href=\"https:\/\/www.radioluna.it\/news\/wp-content\/uploads\/2023\/05\/WhatsApp-Video-2023-05-05-at-09.14.11.mp4\">https:\/\/www.radioluna.it\/news\/wp-content\/uploads\/2023\/05\/WhatsApp-Video-2023-05-05-at-09.14.11.mp4<\/a><\/video><\/div>\n<p style=\"text-align: justify;\"><strong>LATINA &#8211;<\/strong> Anche a Latina e provincia ieri sera dopo il pari a Udine \u00e8 iniziata la festa del popolo partenopeo per il Napoli Campione d\u2019Italia. Nel capoluogo i tifosi si sono dati appuntamento a Piazza del Quadrato dando subito sfogo alla felicit\u00e0 per questo terzo scudetto, colorando d&#8217;azzurro uno dei posti storici di Latina. Il corteo si \u00e8 poi spostato a piedi in Piazza del Popolo e nell&#8217;aria fino a tarda notte sono risuonati i botti dei fuochi d&#8217;artificio. Ma \u00e8 soprattutto al sud della provincia che la festa si \u00e8 fatta pi\u00f9 viva, come a Formia dove sin dalle prime ore della sera sono stati presi d&#8217;assalto i locali di Largo Paone e della centralissima Piazza della Vittoria, mentre gli affiliati al locale Club Napoli hanno seguito il match nel ritrovo del quartiere San Pietro, la zona maggiormente affollata di sostenitori partenopei.<\/p>\n<div class=\"radio-posizionamento-telefono-in-articoli-dopo-il-contenuto-articolo radio-entity-placement\" id=\"radio-3971058137\"><div id=\"radio-737496447\" style=\"width: 300px;height: 250px;\"><a href=\"https:\/\/www.icarspa.it\/auto\/usate\/latina\/\" aria-label=\"banner aprile icar new life &#8211; auto usate latina\"><img loading=\"lazy\" decoding=\"async\" src=\"https:\/\/www.radioluna.it\/news\/wp-content\/uploads\/2026\/02\/banner-aprile-icar-new-life-auto-usate-latina.gif\" alt=\"\"  width=\"300\" height=\"250\"   \/><\/a><\/div><\/div>","protected":false},"excerpt":{"rendered":"<p>LATINA &#8211; Anche a Latina e provincia ieri sera dopo il pari a Udine \u00e8 iniziata la festa del popolo partenopeo per il Napoli Campione d\u2019Italia. Nel capoluogo i tifosi si sono dati appuntamento a Piazza del Quadrato dando subito sfogo alla felicit\u00e0 per questo terzo scudetto, colorando d&#8217;azzurro uno dei posti storici di Latina. [&hellip;]<\/p>\n","protected":false},"author":60,"featured_media":328811,"comment_status":"open","ping_status":"open","sticky":false,"template":"","format":"video","meta":{"footnotes":""},"categories":[735,17],"tags":[],"class_list":["post-328809","post","type-post","status-publish","format-video","has-post-thumbnail","hentry","category-attualita","category-sport","post_format-post-format-video"],"_links":{"self":[{"href":"https:\/\/www.radioluna.it\/news\/wp-json\/wp\/v2\/posts\/328809","targetHints":{"allow":["GET"]}}],"collection":[{"href":"https:\/\/www.radioluna.it\/news\/wp-json\/wp\/v2\/posts"}],"about":[{"href":"https:\/\/www.radioluna.it\/news\/wp-json\/wp\/v2\/types\/post"}],"author":[{"embeddable":true,"href":"https:\/\/www.radioluna.it\/news\/wp-json\/wp\/v2\/users\/60"}],"replies":[{"embeddable":true,"href":"https:\/\/www.radioluna.it\/news\/wp-json\/wp\/v2\/comments?post=328809"}],"version-history":[{"count":0,"href":"https:\/\/www.radioluna.it\/news\/wp-json\/wp\/v2\/posts\/328809\/revisions"}],"wp:featuredmedia":[{"embeddable":true,"href":"https:\/\/www.radioluna.it\/news\/wp-json\/wp\/v2\/media\/328811"}],"wp:attachment":[{"href":"https:\/\/www.radioluna.it\/news\/wp-json\/wp\/v2\/media?parent=328809"}],"wp:term":[{"taxonomy":"category","embeddable":true,"href":"https:\/\/www.radioluna.it\/news\/wp-json\/wp\/v2\/categories?post=328809"},{"taxonomy":"post_tag","embeddable":true,"href":"https:\/\/www.radioluna.it\/news\/wp-json\/wp\/v2\/tags?post=328809"}],"curies":[{"name":"wp","href":"https:\/\/api.w.org\/{rel}","templated":true}]}}