{"id":328939,"date":"2023-05-08T08:37:49","date_gmt":"2023-05-08T06:37:49","guid":{"rendered":"https:\/\/www.radioluna.it\/news\/?p=328939"},"modified":"2023-05-08T08:37:49","modified_gmt":"2023-05-08T06:37:49","slug":"latina-presentato-il-programma-del-centrodestra","status":"publish","type":"post","link":"https:\/\/www.radioluna.it\/news\/2023\/05\/latina-presentato-il-programma-del-centrodestra\/","title":{"rendered":"Latina, presentato il programma del centrodestra"},"content":{"rendered":"<div id=\"fb-root\"><\/div>\n<p style=\"text-align: justify;\"><strong>LATINA &#8211; <\/strong>La coalizione di centrodestra a Latina che sostiene la candidatura di Matilde Celentano a sindaco di Latina ha presentato il programma di governo.\u00a0 Ad illustrare i punti fondamentali sono stati i referenti delle cinque liste: Maurizio Guercio per Fratelli d\u2019Italia, Vincenzo Valletta per la Lega, Stefano Cardillo per Forza Italia, Efrem Romagnoli per Matilde Celentano Sindaco e Alessandro Paletta per Udc. &#8220;Un metodo di lavoro che continuer\u00e0 anche al governo, in caso di vittoria alle elezioni del 14 e 15 maggio: le decisioni verranno discusse e condivise con gli alleati<br \/>\ne con i cittadini, non saranno prese dall\u2019alto&#8221;, dicono.<\/p>\n<p style=\"text-align: justify;\"><strong>I PUNTI DEL PROGRAMMA<\/strong> -Tra i punti illustrati al primo posto c\u2019\u00e8 lo sviluppo del piano di governo di governo del territorio tramite la revisione dei piani particolareggiati annullati seguendo le indicazioni degli organi di controllo e i passaggi amministrativi e politici per immaginare la citt\u00e0 del futuro con un piano generale urbanistico che sia frutto anche di confronti per definire insieme la citt\u00e0 dei prossimi anni. Fondamentali saranno anche la manutenzione del verde, tpl e mobilit\u00e0 sostenibile e la rimodulazione dell\u2019isola pedonale &#8211; \u00e8 stato spiegato. Il decoro \u00e8 una condizione basilare &#8211; hanno detto dalla coalizione &#8211;\u00a0 in centro come in periferia. Priorit\u00e0 anche alla realizzazione di nuove reti stradali, tranvia di superficie, nuovi collegamenti con la stazione e piste ciclo-pedonali. L\u2019impegno del nuovo governo \u00e8 per l\u2019abbattimento delle barriere architettoniche e per l\u2019istituzione del disability manager.<\/p>\n<p style=\"text-align: justify;\">ABC &#8211;\u00a0 l\u2019intenzione \u00e8 trasformare Abc in multiservizi, di revisionare gli uffici della pubblica amministrazione a partire dalle sedi comunali e dare sostegno alle famiglie e alla natalit\u00e0 anche attraverso il potenziamento dell\u2019offerta di asili nido. S\u00ec a nuove facolt\u00e0 universitarie e al trasferimento del polo universitario anche nel nucleo di fondazione, s\u00ec a economia e imprese che passano da progetti importanti come la Roma-Latina e il porto, per cui i ministri ospiti a Latina nei giorni scorsi si sono impegnati. Nel programma di governo illustrato si \u00e8 parlato anche di Wi-Fi gratuito nei luoghi di aggregazione e banda larga 5G in tutte le aree, soprattutto quelle industriali, riassetto degli spazi culturali a partire dalla riapertura della biblioteca e della Banca d\u2019Italia, con una destinazione per i giovani da decidere insieme al confronto con la citt\u00e0. Un capitolo di bilancio sar\u00e0 dedicato ai borghi, perch\u00e9 possano avere una manutenzione sistematica. La persona sar\u00e0 al centro: implementazione dei centri disabili e della medicina di prossimit\u00e0, Latina amica degli anziani per l\u2019invecchiamento attivo e lo sviluppo di Casa A.I.M.A. dove i malati di Alzherimer possano trovare accoglienza.<\/p>\n<p style=\"text-align: justify;\">Fondamentale sar\u00e0 la marina, con una revisione della viabilit\u00e0 dal lato destro e sinistro, il completamento di via Massaro, una sistemica attivit\u00e0 di salvaguardia e conservazione della costa tramite il ripascimento di concerto con i comuni limitrofi e un programma di eventi. Per la sanit\u00e0 \u00e8 stato ribadito l\u2019impegno del governo: modernizzare l\u2019ospedale Santa Maria Goretti tramite i 20 milioni di euro annunciati dal ministro alla sanit\u00e0 e impegnarsi tramite la filiera di governo alla realizzazione del nuovo policlinico a Borgo Piave. Infine, si \u00e8 parlato di Latina 100. La citt\u00e0 tra poco spegner\u00e0 100 candeline e, da subito, sar\u00e0 necessario attivare un comitato che raccolga proposte e istanze e costituire la Fondazione Latina 100.<br \/>\n\u201cL\u2019idea di citt\u00e0 che abbiamo immaginato \u2013 ha dichiarato Matilde Celentano &#8211; guarda alla indispensabile valorizzazione della conoscenza, di qualsiasi livello. La nostra attenzione sar\u00e0 rivolta in primis alla formazione, dagli asili nido e fino all\u2019universit\u00e0, vero portale d\u2019ingresso nel mondo per i nostri giovani. Una citt\u00e0 a forte vocazione universitaria garantisce fermento culturale, innovazione, ricerca e sinergia con le imprese e le aziende del territorio affinch\u00e9 sia volano di sviluppo economico, dunque fonte di benessere per la popolazione. Una popolazione di ragazzi per i quali, a Latina, si aprirebbero opportunit\u00e0 di studio, impiego e, di conseguenza, la possibilit\u00e0 di metter su famiglia e restare nel capoluogo. Un comune nel quale insistono una popolazione in crescita e attivit\u00e0 prospere, diventa in breve un comune capace di investire sul proprio presente e sul proprio futuro, valorizzando le tantissime peculiarit\u00e0 che possiede per svilupparne le indiscutibili vocazioni. Oltre dieci chilometri di costa, il parco nazionale e i laghi costieri, unitamente alla fascia collinare e montuosa ricca di storia e tradizione, ci rendono attrattivi sia sotto il<br \/>\nprofilo turistico che quello imprenditoriale. Latina \u00e8 una citt\u00e0 con un territorio bellissimo che negli ultimi anni ha indossato un brutto vestito. Sta a noi disegnare l\u2019abito che merita. Al centro del nostro progetto ci sono le persone, di qualsiasi et\u00e0 e di qualsiasi estrazione. Come riteniamo di dover tracciare percorsi in grado di generare opportunit\u00e0 future ai giovani, cos\u00ec abbiamo intenzione di lavorare sul welfare affinch\u00e9 le persone pi\u00f9 fragili e avanti con l\u2019et\u00e0, possano vivere una dimensione umana e socialmente inclusiva. In definitiva un luogo dove vivere possa diventare un desiderio e non una condanna com\u2019\u00e8 ora\u201d.<br \/>\nInfine, Matilde Celentano si \u00e8 presa un impegno: realizzare cinque punti del programma di governo in cinque mesi: cura del verde e ritorno dell\u2019acqua nelle fontane storiche; il ritorno degli uffici anagrafe in centro; vigile urbano in strada; riapertura della Pinacoteca e del Procoio; Estate Latina, programma di eventi al lido e in citt\u00e0.<\/p>\n<p style=\"text-align: justify;\">\u201cSono richieste avanzate direttamente dai cittadini, stufi di una citt\u00e0 fino ad ora dimenticata, dove manca la pulizia e il decoro. Latina deve diventare &#8211; ha concluso &#8211; luogo di cui essere orgogliosi, un luogo dove il 14 e il 15 maggio prossimo abbiamo il dovere di fare la scelta giusta\u201d.<\/p>\n<div class=\"radio-posizionamento-telefono-in-articoli-dopo-il-contenuto-articolo radio-entity-placement\" id=\"radio-4076629766\"><div id=\"radio-1274264524\"><a href=\"https:\/\/grupporedi.it\/\" aria-label=\"Redi-Qr\"><img loading=\"lazy\" decoding=\"async\" src=\"https:\/\/www.radioluna.it\/news\/wp-content\/uploads\/2026\/03\/Redi-Qr.jpg\" alt=\"\"  srcset=\"https:\/\/www.radioluna.it\/news\/wp-content\/uploads\/2026\/03\/Redi-Qr.jpg 800w, https:\/\/www.radioluna.it\/news\/wp-content\/uploads\/2026\/03\/Redi-Qr-768x639.jpg 768w\" sizes=\"(max-width: 800px) 100vw, 800px\" width=\"300\" height=\"250\"   \/><\/a><\/div><\/div>","protected":false},"excerpt":{"rendered":"<p>LATINA &#8211; La coalizione di centrodestra a Latina che sostiene la candidatura di Matilde Celentano a sindaco di Latina ha presentato il programma di governo.\u00a0 Ad illustrare i punti fondamentali sono stati i referenti delle cinque liste: Maurizio Guercio per Fratelli d\u2019Italia, Vincenzo Valletta per la Lega, Stefano Cardillo per Forza Italia, Efrem Romagnoli per [&hellip;]<\/p>\n","protected":false},"author":60,"featured_media":328940,"comment_status":"open","ping_status":"open","sticky":false,"template":"","format":"standard","meta":{"footnotes":""},"categories":[8],"tags":[],"class_list":["post-328939","post","type-post","status-publish","format-standard","has-post-thumbnail","hentry","category-politica"],"_links":{"self":[{"href":"https:\/\/www.radioluna.it\/news\/wp-json\/wp\/v2\/posts\/328939","targetHints":{"allow":["GET"]}}],"collection":[{"href":"https:\/\/www.radioluna.it\/news\/wp-json\/wp\/v2\/posts"}],"about":[{"href":"https:\/\/www.radioluna.it\/news\/wp-json\/wp\/v2\/types\/post"}],"author":[{"embeddable":true,"href":"https:\/\/www.radioluna.it\/news\/wp-json\/wp\/v2\/users\/60"}],"replies":[{"embeddable":true,"href":"https:\/\/www.radioluna.it\/news\/wp-json\/wp\/v2\/comments?post=328939"}],"version-history":[{"count":0,"href":"https:\/\/www.radioluna.it\/news\/wp-json\/wp\/v2\/posts\/328939\/revisions"}],"wp:featuredmedia":[{"embeddable":true,"href":"https:\/\/www.radioluna.it\/news\/wp-json\/wp\/v2\/media\/328940"}],"wp:attachment":[{"href":"https:\/\/www.radioluna.it\/news\/wp-json\/wp\/v2\/media?parent=328939"}],"wp:term":[{"taxonomy":"category","embeddable":true,"href":"https:\/\/www.radioluna.it\/news\/wp-json\/wp\/v2\/categories?post=328939"},{"taxonomy":"post_tag","embeddable":true,"href":"https:\/\/www.radioluna.it\/news\/wp-json\/wp\/v2\/tags?post=328939"}],"curies":[{"name":"wp","href":"https:\/\/api.w.org\/{rel}","templated":true}]}}