{"id":328953,"date":"2023-05-08T10:03:35","date_gmt":"2023-05-08T08:03:35","guid":{"rendered":"https:\/\/www.radioluna.it\/news\/?p=328953"},"modified":"2023-05-08T10:03:35","modified_gmt":"2023-05-08T08:03:35","slug":"ranieri-pd-barriere-architettoniche-peba-grazie-al-lavoro-fatto-da-noi-prima-il-nulla","status":"publish","type":"post","link":"https:\/\/www.radioluna.it\/news\/2023\/05\/ranieri-pd-barriere-architettoniche-peba-grazie-al-lavoro-fatto-da-noi-prima-il-nulla\/","title":{"rendered":"Ranieri (Pd), barriere architettoniche: &#8220;Peba grazie al lavoro fatto da noi, prima il nulla&#8221;"},"content":{"rendered":"<div id=\"fb-root\"><\/div>\n<p style=\"text-align: justify;\"><strong>LATINA &#8211;<\/strong> \u201cLa legge sul PEBA esiste dal 1992 ma a Latina se ne \u00e8 iniziato a parlare solamente, sotto l\u2019amministrazione Coletta, dal 2016. Di cosa parlano, dunque, i candidati di destra che per anni hanno seduto in Consiglio Comunale ma senza mai provvedere ad approvare il PEBA?\u201d. Cos\u00ec Emilio Ranieri, candidato alle elezioni comunali di Latina nella lista del PD, in una nota.<\/p>\n<p style=\"text-align: justify;\">Il quale, poi, ricorda quanto \u00e8 stato fatto dall\u2019amministrazione Coletta: \u201cTra il 2021 ed il 2022 abbiamo approvato una parte del PEBA, ascrivibile alla zona centrale a traffico limitato, prima in Commissione Lavori Pubblici (di cui ero Presidente) e poi in Consiglio Comunale. Il Commissario Prefettizio, poi, grazie all\u2019indirizzo politico che abbiamo dato, ha potuto estenderlo su tutto il territorio comunale nel novembre del 2022. Questo vuol dire che le barriere architettoniche verranno rimosse consentendo a tutte e tutti, indipendentemente dalle capacit\u00e0, di avere libero accesso alle strutture e libera percorrenza lungo le strade della citt\u00e0. \u00c8 un fatto tecnico ma anche, e soprattutto, culturale che rientra nell\u2019idea di una citt\u00e0 che non lascia nessuno indietro: chi vive in sedie a rotelle, disabili, non vedenti, chiunque viva in condizioni di difficolt\u00e0 fisica o psicologica. Non si tratta solamente di rimuovere le barriere attualmente presenti ma anche di introdurre una nuova visione, inclusiva ed attenta, delle opere pubbliche. Il piano deve essere trasmesso a tutti gli uffici comunali che si occupano di mobilit\u00e0, viabilit\u00e0 e lavori pubblici. In questo modo ogni nuovo intervento strutturale sulla citt\u00e0 verr\u00e0 attuato sulla scorta delle indicazioni del PEBA\u201d.<\/p>\n<p style=\"text-align: justify;\">\u201cIl PEBA \u00e8 realt\u00e0 e lo \u00e8 grazie a quanto fatto dal 2016 in avanti. Precedentemente, con le varie amministrazioni di centrodestra, non \u00e8 stato fatto nulla. Mi interrogo, dunque, sul senso degli attacchi mossi nei giorni scorsi da alcuni candidati della destra\u201d, conclude Ranieri.<\/p>\n<div class=\"radio-posizionamento-telefono-in-articoli-dopo-il-contenuto-articolo radio-entity-placement\" id=\"radio-757843535\"><div id=\"radio-1342723053\"><a href=\"https:\/\/www.simeoneceramiche.com\/\" aria-label=\"SIMEONE CERAMICHE GIF animata per radioluna_Tavola disegno 1 copia 2 (online-video-cutter.com)\"><img loading=\"lazy\" decoding=\"async\" src=\"https:\/\/www.radioluna.it\/news\/wp-content\/uploads\/2025\/05\/SIMEONE-CERAMICHE-GIF-animata-per-radioluna_Tavola-disegno-1-copia-2-online-video-cutter.com_.gif\" alt=\"\"  width=\"300\" height=\"250\"   \/><\/a><\/div><\/div>","protected":false},"excerpt":{"rendered":"<p>LATINA &#8211; \u201cLa legge sul PEBA esiste dal 1992 ma a Latina se ne \u00e8 iniziato a parlare solamente, sotto l\u2019amministrazione Coletta, dal 2016. Di cosa parlano, dunque, i candidati di destra che per anni hanno seduto in Consiglio Comunale ma senza mai provvedere ad approvare il PEBA?\u201d. Cos\u00ec Emilio Ranieri, candidato alle elezioni comunali [&hellip;]<\/p>\n","protected":false},"author":60,"featured_media":277192,"comment_status":"open","ping_status":"open","sticky":false,"template":"","format":"standard","meta":{"footnotes":""},"categories":[8],"tags":[],"class_list":["post-328953","post","type-post","status-publish","format-standard","has-post-thumbnail","hentry","category-politica"],"_links":{"self":[{"href":"https:\/\/www.radioluna.it\/news\/wp-json\/wp\/v2\/posts\/328953","targetHints":{"allow":["GET"]}}],"collection":[{"href":"https:\/\/www.radioluna.it\/news\/wp-json\/wp\/v2\/posts"}],"about":[{"href":"https:\/\/www.radioluna.it\/news\/wp-json\/wp\/v2\/types\/post"}],"author":[{"embeddable":true,"href":"https:\/\/www.radioluna.it\/news\/wp-json\/wp\/v2\/users\/60"}],"replies":[{"embeddable":true,"href":"https:\/\/www.radioluna.it\/news\/wp-json\/wp\/v2\/comments?post=328953"}],"version-history":[{"count":0,"href":"https:\/\/www.radioluna.it\/news\/wp-json\/wp\/v2\/posts\/328953\/revisions"}],"wp:featuredmedia":[{"embeddable":true,"href":"https:\/\/www.radioluna.it\/news\/wp-json\/wp\/v2\/media\/277192"}],"wp:attachment":[{"href":"https:\/\/www.radioluna.it\/news\/wp-json\/wp\/v2\/media?parent=328953"}],"wp:term":[{"taxonomy":"category","embeddable":true,"href":"https:\/\/www.radioluna.it\/news\/wp-json\/wp\/v2\/categories?post=328953"},{"taxonomy":"post_tag","embeddable":true,"href":"https:\/\/www.radioluna.it\/news\/wp-json\/wp\/v2\/tags?post=328953"}],"curies":[{"name":"wp","href":"https:\/\/api.w.org\/{rel}","templated":true}]}}