{"id":328965,"date":"2023-05-08T11:28:25","date_gmt":"2023-05-08T09:28:25","guid":{"rendered":"https:\/\/www.radioluna.it\/news\/?p=328965"},"modified":"2023-05-08T11:28:25","modified_gmt":"2023-05-08T09:28:25","slug":"latina-e-il-turno-del-ministro-musumeci","status":"publish","type":"post","link":"https:\/\/www.radioluna.it\/news\/2023\/05\/latina-e-il-turno-del-ministro-musumeci\/","title":{"rendered":"Latina, \u00e8 il turno del Ministro Musumeci"},"content":{"rendered":"<div id=\"fb-root\"><\/div>\n<p style=\"text-align: justify;\"><strong>LATINA &#8211;<\/strong> Il Ministro per la Protezione Civile e le Politiche del Mare, Nello Musumeci, sar\u00e0 a Latina Mercoled\u00ec 10 Maggio. Prima tappa del tour pontino sar\u00e0 a Casa Latina, point elettorale della candidata sindaco della coalizione di centrodestra Matilde Celentano. Dopo il punto con la stampa e i candidati al Consiglio Comunale, la delegazione si sposter\u00e0 a Rio Martino, dove il Ministro incontrer\u00e0 i rappresentanti delle categorie economiche e imprenditoriali che ruotano intorno alla cosiddetta economia del mare.<\/p>\n<p style=\"text-align: justify;\">\u201cNon \u00e8 pi\u00f9 pensabile che un capoluogo di provincia, che affaccia sul mare e che dista poche miglia da gioielli come le isole pontine non possegga un approdo turistico \u2013 spiega il Senatore Nicola Calandrini, presidente della V Commissione Bilancio e coordinatore provinciale di Fratelli d\u2019Italia \u2013 A questo si aggiunge la necessit\u00e0 di rendere fruibile il porto canale di Rio Martino per diportisti e operatori ittici, oggi vittime, ciclicamente, di insabbiamenti prevedibili della foce che rendono impossibile ogni attivit\u00e0. Va poi salvaguardata l\u2019intera costa pontina, che a causa dell\u2019erosione rischia letteralmente di scomparire. I fondi, come spiegato pi\u00f9 volte in campagna elettorale, ci sono e la disponibilit\u00e0 del Governo, come dimostra la visita del Ministro, anche. Ora bisogna solo ricreare una concreta filiera di governo con le prossime elezioni amministrative\u201d.<\/p>\n<div class=\"radio-posizionamento-telefono-in-articoli-dopo-il-contenuto-articolo radio-entity-placement\" id=\"radio-3185291050\"><div id=\"radio-2169830818\"><a href=\"https:\/\/grupporedi.it\/\" aria-label=\"Redi-Qr\"><img loading=\"lazy\" decoding=\"async\" src=\"https:\/\/www.radioluna.it\/news\/wp-content\/uploads\/2026\/03\/Redi-Qr.jpg\" alt=\"\"  srcset=\"https:\/\/www.radioluna.it\/news\/wp-content\/uploads\/2026\/03\/Redi-Qr.jpg 800w, https:\/\/www.radioluna.it\/news\/wp-content\/uploads\/2026\/03\/Redi-Qr-768x639.jpg 768w\" sizes=\"(max-width: 800px) 100vw, 800px\" width=\"300\" height=\"250\"   \/><\/a><\/div><\/div>","protected":false},"excerpt":{"rendered":"<p>LATINA &#8211; Il Ministro per la Protezione Civile e le Politiche del Mare, Nello Musumeci, sar\u00e0 a Latina Mercoled\u00ec 10 Maggio. Prima tappa del tour pontino sar\u00e0 a Casa Latina, point elettorale della candidata sindaco della coalizione di centrodestra Matilde Celentano. Dopo il punto con la stampa e i candidati al Consiglio Comunale, la delegazione [&hellip;]<\/p>\n","protected":false},"author":62,"featured_media":328966,"comment_status":"open","ping_status":"open","sticky":false,"template":"","format":"standard","meta":{"footnotes":""},"categories":[8],"tags":[],"class_list":["post-328965","post","type-post","status-publish","format-standard","has-post-thumbnail","hentry","category-politica"],"_links":{"self":[{"href":"https:\/\/www.radioluna.it\/news\/wp-json\/wp\/v2\/posts\/328965","targetHints":{"allow":["GET"]}}],"collection":[{"href":"https:\/\/www.radioluna.it\/news\/wp-json\/wp\/v2\/posts"}],"about":[{"href":"https:\/\/www.radioluna.it\/news\/wp-json\/wp\/v2\/types\/post"}],"author":[{"embeddable":true,"href":"https:\/\/www.radioluna.it\/news\/wp-json\/wp\/v2\/users\/62"}],"replies":[{"embeddable":true,"href":"https:\/\/www.radioluna.it\/news\/wp-json\/wp\/v2\/comments?post=328965"}],"version-history":[{"count":0,"href":"https:\/\/www.radioluna.it\/news\/wp-json\/wp\/v2\/posts\/328965\/revisions"}],"wp:featuredmedia":[{"embeddable":true,"href":"https:\/\/www.radioluna.it\/news\/wp-json\/wp\/v2\/media\/328966"}],"wp:attachment":[{"href":"https:\/\/www.radioluna.it\/news\/wp-json\/wp\/v2\/media?parent=328965"}],"wp:term":[{"taxonomy":"category","embeddable":true,"href":"https:\/\/www.radioluna.it\/news\/wp-json\/wp\/v2\/categories?post=328965"},{"taxonomy":"post_tag","embeddable":true,"href":"https:\/\/www.radioluna.it\/news\/wp-json\/wp\/v2\/tags?post=328965"}],"curies":[{"name":"wp","href":"https:\/\/api.w.org\/{rel}","templated":true}]}}