{"id":328968,"date":"2023-05-08T11:38:51","date_gmt":"2023-05-08T09:38:51","guid":{"rendered":"https:\/\/www.radioluna.it\/news\/?p=328968"},"modified":"2023-05-08T11:38:51","modified_gmt":"2023-05-08T09:38:51","slug":"la-riforma-dello-sport-e-le-problematiche-pontine-il-ministro-abodi-in-visita-a-latina","status":"publish","type":"post","link":"https:\/\/www.radioluna.it\/news\/2023\/05\/la-riforma-dello-sport-e-le-problematiche-pontine-il-ministro-abodi-in-visita-a-latina\/","title":{"rendered":"La riforma dello sport e le problematiche pontine: il ministro Abodi in visita a Latina"},"content":{"rendered":"<div id=\"fb-root\"><\/div>\n<p style=\"text-align: justify;\">LATINA &#8211;\u00a0 &#8220;La riforma dello sport, le sue criticit\u00e0 e i correttivi che intende porre in essere il Governo di Giorgia Meloni&#8221;. Se ne parler\u00e0, marted\u00ec 9 maggio alle ore 18.00 alla Sto\u00e0 di via Cesare Battisti, con il Ministro dello Sport Andrea Abodi.<\/p>\n<p style=\"text-align: justify;\">Al convegno, organizzato da Fratelli d\u2019Italia Latina, sono invitati i referenti degli enti di promozione sportiva locali e tutti gli operatori attivi sul territorio per fare il punto sulle carenze strutturali del capoluogo pontino. <img loading=\"lazy\" decoding=\"async\" class=\"wp-image-328969 alignright\" src=\"https:\/\/www.radioluna.it\/news\/wp-content\/uploads\/2023\/05\/locandina-abodi.jpeg\" alt=\"\" width=\"194\" height=\"194\" srcset=\"https:\/\/www.radioluna.it\/news\/wp-content\/uploads\/2023\/05\/locandina-abodi.jpeg 1080w, https:\/\/www.radioluna.it\/news\/wp-content\/uploads\/2023\/05\/locandina-abodi-768x768.jpeg 768w, https:\/\/www.radioluna.it\/news\/wp-content\/uploads\/2023\/05\/locandina-abodi-80x80.jpeg 80w\" sizes=\"auto, (max-width: 194px) 100vw, 194px\" \/><\/p>\n<p style=\"text-align: justify;\">\u201cLo sport \u00e8 uno strumento essenziale di inclusione sociale e di tutela della salute dei cittadini, dai pi\u00f9 giovani ai pi\u00f9 anziani \u2013 il commento del Senatore Nicola Calandrini, presidente della V Commissione Bilancio e coordinatore provinciale di Fratelli d\u2019Italia \u2013 Pu\u00f2 per\u00f2 rappresentare anche un motore per l\u2019occupazione locale, o essere considerato un\u2019eccellenza in grado di portare il nome di Latina in giro per il mondo. Tutti obiettivi che la citt\u00e0 potrebbe centrare se solo si superasse l\u2019ormai strutturale carenza di infrastrutture sportive su cui occorre assolutamente intervenire. Non parliamo solo di grandi infrastrutture ma anche di impianti medio piccoli, da ristrutturare o gestire in modo diverso, che possano garantire lo sport di base, lo sviluppo dei vivai giovanili e garantire i giusti spazi ai cosiddetti sport minori. Il convegno sar\u00e0 anche l\u2019occasione, per gli operatori sportivi, di confrontarsi con il Ministro sulla riforma dello sport. Una riforma necessaria ma che a nostro modo di vedere presenta importanti criticit\u00e0 su cui il Governo Meloni \u00e8 pronto a intervenire\u201d.<\/p>\n<p>All\u2019incontro sar\u00e0 presente la candidata sindaco del centrodestra, Matilde Celentano.<\/p>\n<div class=\"radio-posizionamento-telefono-in-articoli-dopo-il-contenuto-articolo radio-entity-placement\" id=\"radio-2695258075\"><div id=\"radio-2083353897\"><a href=\"https:\/\/www.simeoneceramiche.com\/\" aria-label=\"SIMEONE CERAMICHE GIF animata per radioluna_Tavola disegno 1 copia 2 (online-video-cutter.com)\"><img loading=\"lazy\" decoding=\"async\" src=\"https:\/\/www.radioluna.it\/news\/wp-content\/uploads\/2025\/05\/SIMEONE-CERAMICHE-GIF-animata-per-radioluna_Tavola-disegno-1-copia-2-online-video-cutter.com_.gif\" alt=\"\"  width=\"300\" height=\"250\"   \/><\/a><\/div><\/div>","protected":false},"excerpt":{"rendered":"<p>LATINA &#8211;\u00a0 &#8220;La riforma dello sport, le sue criticit\u00e0 e i correttivi che intende porre in essere il Governo di Giorgia Meloni&#8221;. Se ne parler\u00e0, marted\u00ec 9 maggio alle ore 18.00 alla Sto\u00e0 di via Cesare Battisti, con il Ministro dello Sport Andrea Abodi. Al convegno, organizzato da Fratelli d\u2019Italia Latina, sono invitati i referenti [&hellip;]<\/p>\n","protected":false},"author":60,"featured_media":328970,"comment_status":"open","ping_status":"open","sticky":false,"template":"","format":"standard","meta":{"footnotes":""},"categories":[8],"tags":[],"class_list":["post-328968","post","type-post","status-publish","format-standard","has-post-thumbnail","hentry","category-politica"],"_links":{"self":[{"href":"https:\/\/www.radioluna.it\/news\/wp-json\/wp\/v2\/posts\/328968","targetHints":{"allow":["GET"]}}],"collection":[{"href":"https:\/\/www.radioluna.it\/news\/wp-json\/wp\/v2\/posts"}],"about":[{"href":"https:\/\/www.radioluna.it\/news\/wp-json\/wp\/v2\/types\/post"}],"author":[{"embeddable":true,"href":"https:\/\/www.radioluna.it\/news\/wp-json\/wp\/v2\/users\/60"}],"replies":[{"embeddable":true,"href":"https:\/\/www.radioluna.it\/news\/wp-json\/wp\/v2\/comments?post=328968"}],"version-history":[{"count":0,"href":"https:\/\/www.radioluna.it\/news\/wp-json\/wp\/v2\/posts\/328968\/revisions"}],"wp:featuredmedia":[{"embeddable":true,"href":"https:\/\/www.radioluna.it\/news\/wp-json\/wp\/v2\/media\/328970"}],"wp:attachment":[{"href":"https:\/\/www.radioluna.it\/news\/wp-json\/wp\/v2\/media?parent=328968"}],"wp:term":[{"taxonomy":"category","embeddable":true,"href":"https:\/\/www.radioluna.it\/news\/wp-json\/wp\/v2\/categories?post=328968"},{"taxonomy":"post_tag","embeddable":true,"href":"https:\/\/www.radioluna.it\/news\/wp-json\/wp\/v2\/tags?post=328968"}],"curies":[{"name":"wp","href":"https:\/\/api.w.org\/{rel}","templated":true}]}}