{"id":328991,"date":"2023-05-08T16:21:04","date_gmt":"2023-05-08T14:21:04","guid":{"rendered":"https:\/\/www.radioluna.it\/news\/?p=328991"},"modified":"2023-05-08T16:55:58","modified_gmt":"2023-05-08T14:55:58","slug":"elezioni-a-latina-matilde-celentano-incontra-cethegus","status":"publish","type":"post","link":"https:\/\/www.radioluna.it\/news\/2023\/05\/elezioni-a-latina-matilde-celentano-incontra-cethegus\/","title":{"rendered":"Elezioni a Latina, Matilde Celentano incontra Cethegus"},"content":{"rendered":"<div id=\"fb-root\"><\/div>\n<p style=\"text-align: justify;\"><strong>LATINA &#8211;<\/strong> Continuano gli incontri di Matilde Celentano, candidato Sindaco della coalizione di centrodestra, con la citt\u00e0 di Latina. Questa mattina \u00e8 stata la volta di Cethegus, societ\u00e0 consortile che ha voluto affrontare la tematica del rilancio turistico-economico di Latina in vista delle elezioni che si terranno il 14 e 15 maggio. Tanti i temi affrontati: dal turismo alla rigenerazione urbana, dalla transizione energetica alla cultura, passando per lo sviluppo del mondo dell\u2019imprenditoria e per le infrastrutture.<\/p>\n<p style=\"text-align: justify;\">\u201cRingrazio il presidente Leonardo Valle e i vertici societari di Cethegus \u2013 ha dichiarato Celentano &#8211; per avermi voluta incontrare per parlare del programma di governo della coalizione di centrodestra, volto al rilancio della citt\u00e0 di Latina. \u00c8 stato un incontro proficuo in cui ho potuto ribadire la nostra intenzione di organizzare tavoli strategici programmatici per condividere le decisioni della citt\u00e0 con tutte le categorie. Ho da subito condiviso l\u2019intenzione di avviare da subito un programma di eventi estivi per la stagione alle porte. Tra le prime azioni da realizzare nei primi cinque mesi, infatti, c\u2019\u00e8 proprio un calendario di eventi al lido e in citt\u00e0 come gi\u00e0 annunciato nella conferenza stampa di presentazione del programma di governo della coalizione di centrodestra. Si \u00e8 parlato anche di albergo diffuso, strumento utile per potenziare la ricezione turistica anche in occasione di grandi eventi che coinvolgeranno anche Latina come il Giubileo 2025 e Expo 2030. Ogni intervento verr\u00e0 condiviso con la cittadinanza e i principali attori, cos\u00ec da progettare insieme la Latina del futuro\u201d.<\/p>\n<div class=\"radio-posizionamento-telefono-in-articoli-dopo-il-contenuto-articolo radio-entity-placement\" id=\"radio-326260382\"><div id=\"radio-2396188100\"><a href=\"https:\/\/www.simeoneceramiche.com\/\" aria-label=\"SIMEONE CERAMICHE GIF animata per radioluna_Tavola disegno 1 copia 2 (online-video-cutter.com)\"><img loading=\"lazy\" decoding=\"async\" src=\"https:\/\/www.radioluna.it\/news\/wp-content\/uploads\/2025\/05\/SIMEONE-CERAMICHE-GIF-animata-per-radioluna_Tavola-disegno-1-copia-2-online-video-cutter.com_.gif\" alt=\"\"  width=\"300\" height=\"250\"   \/><\/a><\/div><\/div>","protected":false},"excerpt":{"rendered":"<p>LATINA &#8211; Continuano gli incontri di Matilde Celentano, candidato Sindaco della coalizione di centrodestra, con la citt\u00e0 di Latina. Questa mattina \u00e8 stata la volta di Cethegus, societ\u00e0 consortile che ha voluto affrontare la tematica del rilancio turistico-economico di Latina in vista delle elezioni che si terranno il 14 e 15 maggio. Tanti i temi [&hellip;]<\/p>\n","protected":false},"author":60,"featured_media":0,"comment_status":"open","ping_status":"open","sticky":false,"template":"","format":"standard","meta":{"footnotes":""},"categories":[8],"tags":[],"class_list":["post-328991","post","type-post","status-publish","format-standard","hentry","category-politica"],"_links":{"self":[{"href":"https:\/\/www.radioluna.it\/news\/wp-json\/wp\/v2\/posts\/328991","targetHints":{"allow":["GET"]}}],"collection":[{"href":"https:\/\/www.radioluna.it\/news\/wp-json\/wp\/v2\/posts"}],"about":[{"href":"https:\/\/www.radioluna.it\/news\/wp-json\/wp\/v2\/types\/post"}],"author":[{"embeddable":true,"href":"https:\/\/www.radioluna.it\/news\/wp-json\/wp\/v2\/users\/60"}],"replies":[{"embeddable":true,"href":"https:\/\/www.radioluna.it\/news\/wp-json\/wp\/v2\/comments?post=328991"}],"version-history":[{"count":0,"href":"https:\/\/www.radioluna.it\/news\/wp-json\/wp\/v2\/posts\/328991\/revisions"}],"wp:attachment":[{"href":"https:\/\/www.radioluna.it\/news\/wp-json\/wp\/v2\/media?parent=328991"}],"wp:term":[{"taxonomy":"category","embeddable":true,"href":"https:\/\/www.radioluna.it\/news\/wp-json\/wp\/v2\/categories?post=328991"},{"taxonomy":"post_tag","embeddable":true,"href":"https:\/\/www.radioluna.it\/news\/wp-json\/wp\/v2\/tags?post=328991"}],"curies":[{"name":"wp","href":"https:\/\/api.w.org\/{rel}","templated":true}]}}