{"id":329205,"date":"2023-05-10T11:48:23","date_gmt":"2023-05-10T09:48:23","guid":{"rendered":"https:\/\/www.radioluna.it\/news\/?p=329205"},"modified":"2023-05-10T16:15:51","modified_gmt":"2023-05-10T14:15:51","slug":"il-ministro-musumeci-a-latina-subito-un-tavolo-con-la-regione-per-arrestare-lerosione-costiera","status":"publish","type":"post","link":"https:\/\/www.radioluna.it\/news\/2023\/05\/il-ministro-musumeci-a-latina-subito-un-tavolo-con-la-regione-per-arrestare-lerosione-costiera\/","title":{"rendered":"Il Ministro Musumeci a Latina: \u201cSubito un tavolo con la Regione per arrestare l\u2019erosione costiera\u201d"},"content":{"rendered":"<div id=\"fb-root\"><\/div>\n<p style=\"text-align: justify;\"><strong>LATINA &#8211;<\/strong> Questa mattina, il Ministro per la Protezione Civile e le Politiche del mare, Nello Musumeci, ha fatto visita a Latina, ospite di Fratelli d\u2019Italia. Allo Sto\u00e0 erano presenti il Senatore Nicola Calandrini, presidente della V Commissione Bilancio e coordinatore provinciale del partito, l\u2019On. Paolo Trancassini, coordinatore regionale del partito e il candidato a Sindaco di Latina Matilde Celentano.<\/p>\n<p style=\"text-align: justify;\">\u201cSappiamo che il Ministero guidato dal Senatore Musumeci \u00e8 di programmazione e coordinamento e quindi \u00e8 importantissimo \u2013 ha esordito il Senatore Calandrini &#8211; \u00a0Abbiamo di fronte una situazione drammatica. Latina possiede 13 km di costa ma non ha la possibilit\u00e0 di mettere in mare un singolo gommone. \u00a0Abbiamo un approdo turistico, che tuttavia ciclicamente si insabbia e non permette nemmeno agli operatori ittici di lavorare. Noi veniamo da quasi 7 anni di amministrazione che ha lasciato solo macerie e il supporto del Ministero diventa essenziale per essere di supporto al futuro sindaco. \u00a0Abbiamo bisogno di un piano regolatore che protegga la nostra costa. Secondo alcuni studi, nel 2050, se non interverremo, avremo perso le nostre coste e questo non possiamo permettercelo. Sappiamo che i fondi ci sono, sia pubblici ma anche privati. Abbiamo bisogno, tuttavia, di una visione di sviluppo complessiva. Il mare produce il 9% della ricchezza della nostra nazione ed \u00e8 la via attraverso la quale ci apriamo al mondo \u2013 ha spiegato Il Senatore Calandrini &#8211; \u00a0Il mare \u00e8 balneazione, pesca, collegamenti, materie prime, ambiente e noi a Latina, con i Matilde Celentano sindaco, vogliamo che Latina diventi citt\u00e0 di mare. \u00a0Gli operatori balneari, quelli ittici, i diportisti, rappresentano un pezzo importante ma dimenticato del nostro tessuto socio-economico. Purtroppo negli ultimi anni ci si \u00e8 ricordati del lungomare solo a stagione balneare iniziata. Questo inverno le mareggiate hanno fatto crollare la duna sotto la strada costiera e questo ha reso necessario l\u2019installazione di un senso unico alternato che rischia di gettare nel caos l\u2019intero lungomare pontino nelle prossime settimane. Dobbiamo puntare ad avere un mare fruibile tutto l\u2019anno, dobbiamo rendere possibili i collegamenti con le meravigliose isole pontine e tornare a essere un polo di attrattiva turistica. Le potenzialit\u00e0 ci sono tutte e tra qualche giorno, ne sono certo, anche la filiera di governo capace di trasformare queste potenzialit\u00e0 in realt\u00e0\u201d.<\/p>\n<p style=\"text-align: justify;\">\u201cQuesta importante presenza di pubblico in un giorno feriale dimostra l\u2019importanza dei temi che stiamo trattando \u2013 ha spiegato il Ministro Musumeci &#8211; Latina, per gente della mia generazione \u00e8 sempre stato un riferimento culturale, architettonico e politico unico, perch\u00e9 ha rappresentato un motore di sviluppo che l\u2019Italia ha conosciuto poche volte nella sua storia. Questa \u00e8 una citt\u00e0 dove le insidie sono tante, \u00e8 malata di carestia d\u2019amore da parte di chi l\u2019ha governata e Matilde Celentano, da medico, deve correre al capezzale di questo capoluogo. Noi di destra non siamo per la moda, noi preferiamo lo stile. Perch\u00e9 la moda \u00e8 un fatto contingente e non \u00e8 mai originale, devi emulare quello che fanno gli altri, ti lasci condizionare dal pensiero dominante. Lo stile \u00e8 un modo di vivere. E noi dobbiamo spiegare ai nostri giovani di non seguire la moda ma di essere testimonianza, riferimento. Latina \u00e8 diventata una citt\u00e0 paradigma dell\u2019Italia, una citt\u00e0 modello nel senso negativo del termine. Da quando sono divenuto Ministro ho capito come in Italia, pur essendo questa circondata dal mare, il mare non \u00e8 ancora calato nella considerazione popolare. Latina ha il diritto a dirsi citt\u00e0 di mare ma le \u00e8 stato espropriato il diritto di essere citt\u00e0 di mare. Abbiamo bisogno di rimediare a questa ingiustizia. Se i rappresentanti del Governo si sono alternati a Latina non \u00e8 per portare voti ma per prendere un impegno con la comunit\u00e0 di Latina. Dobbiamo pensare alle infrastrutture, dobbiamo fare i conti con l\u2019insabbiamento, con l\u2019area vincolata, con un\u2019area del lungomare abitata e antropizzata non con la necessaria attenzione che avrebbe dovuto richiedere l\u2019urbanizzazione di quell\u2019area. Ma \u00e8 chiaro che dobbiamo intervenire per spezzare il muro ideale che divide Latina dal suo mare e consentire quindi attivit\u00e0 economiche che consentano all\u2019economia locale quella crescita che merita. Iniziamo subito con l\u2019interlocuzione con la Regione Lazio per arrestare, nel medio periodo, l\u2019erosione. I Fondi ci sono, basta solo mettersi intorno a un tavolo\u201d.<\/p>\n<p>\u201c\u00c8 per noi un onore avere il ministro della Protezione Civile e delle Politiche del mare Nello Musumeci qui con noi. \u00c8 la prima volta che con un governo abbiamo un ministero alle Politiche del mare, a dimostrazione dell\u2019importanza che il governo vuole dare alla marina. Latina \u00e8 una citt\u00e0 di mare e vorremmo che con la sua attenzione, con la sua presenza e con la filiera di governo possano esserci i presupposti per quella che amiamo definire \u201ceconomia del mare\u201d. Ho avuto modo di confrontarmi con gli operatori della marina che la vivono e la soffrono e mi hanno rappresentato un grido di dolore: non c\u2019\u00e8 in tutta la marina di Latina uno scivolo di alaggio per le piccole imbarcazioni; non c\u2019\u00e8 destagionalizzazione; ponte canale Mascarello \u00e8 chiuso nonostante ci siano i fondi per ristrutturalo; c\u2019\u00e8 il problema della viabilit\u00e0 in entrambi i lati legato all\u2019attesa del completamento di via Massaro e legato al problema dell\u2019erosione costiera e dei cambiamenti idrogeologici.<\/p>\n<p>Latina ha bisogno di interventi urgenti perch\u00e9 la marina dimostra tutti i giorni fragilit\u00e0 e contiamo sull\u2019aiuto del ministro per trovare soluzioni. Dobbiamo rafforzare l\u2019interlocuzione anche con l\u2019Ente Parco e la Regione perch\u00e9 l\u2019economia della marina sia volano per il turismo\u201d.\u00a0Queste le parole di Matilde Celentano, candidato Sindaco della coalizione di centrodestra al margine dell\u2019incontro organizzato alla presenza del ministro delle Politiche del mare Nello Musumeci.<\/p>\n<div class=\"radio-posizionamento-telefono-in-articoli-dopo-il-contenuto-articolo radio-entity-placement\" id=\"radio-3450362134\"><div id=\"radio-1522473853\"><a href=\"https:\/\/grupporedi.it\/\" aria-label=\"Redi-Qr\"><img loading=\"lazy\" decoding=\"async\" src=\"https:\/\/www.radioluna.it\/news\/wp-content\/uploads\/2026\/03\/Redi-Qr.jpg\" alt=\"\"  srcset=\"https:\/\/www.radioluna.it\/news\/wp-content\/uploads\/2026\/03\/Redi-Qr.jpg 800w, https:\/\/www.radioluna.it\/news\/wp-content\/uploads\/2026\/03\/Redi-Qr-768x639.jpg 768w\" sizes=\"(max-width: 800px) 100vw, 800px\" width=\"300\" height=\"250\"   \/><\/a><\/div><\/div>","protected":false},"excerpt":{"rendered":"<p>LATINA &#8211; Questa mattina, il Ministro per la Protezione Civile e le Politiche del mare, Nello Musumeci, ha fatto visita a Latina, ospite di Fratelli d\u2019Italia. Allo Sto\u00e0 erano presenti il Senatore Nicola Calandrini, presidente della V Commissione Bilancio e coordinatore provinciale del partito, l\u2019On. Paolo Trancassini, coordinatore regionale del partito e il candidato a [&hellip;]<\/p>\n","protected":false},"author":60,"featured_media":0,"comment_status":"open","ping_status":"open","sticky":false,"template":"","format":"standard","meta":{"footnotes":""},"categories":[8],"tags":[],"class_list":["post-329205","post","type-post","status-publish","format-standard","hentry","category-politica"],"_links":{"self":[{"href":"https:\/\/www.radioluna.it\/news\/wp-json\/wp\/v2\/posts\/329205","targetHints":{"allow":["GET"]}}],"collection":[{"href":"https:\/\/www.radioluna.it\/news\/wp-json\/wp\/v2\/posts"}],"about":[{"href":"https:\/\/www.radioluna.it\/news\/wp-json\/wp\/v2\/types\/post"}],"author":[{"embeddable":true,"href":"https:\/\/www.radioluna.it\/news\/wp-json\/wp\/v2\/users\/60"}],"replies":[{"embeddable":true,"href":"https:\/\/www.radioluna.it\/news\/wp-json\/wp\/v2\/comments?post=329205"}],"version-history":[{"count":0,"href":"https:\/\/www.radioluna.it\/news\/wp-json\/wp\/v2\/posts\/329205\/revisions"}],"wp:attachment":[{"href":"https:\/\/www.radioluna.it\/news\/wp-json\/wp\/v2\/media?parent=329205"}],"wp:term":[{"taxonomy":"category","embeddable":true,"href":"https:\/\/www.radioluna.it\/news\/wp-json\/wp\/v2\/categories?post=329205"},{"taxonomy":"post_tag","embeddable":true,"href":"https:\/\/www.radioluna.it\/news\/wp-json\/wp\/v2\/tags?post=329205"}],"curies":[{"name":"wp","href":"https:\/\/api.w.org\/{rel}","templated":true}]}}