{"id":329251,"date":"2023-05-11T15:32:56","date_gmt":"2023-05-11T13:32:56","guid":{"rendered":"https:\/\/www.radioluna.it\/news\/?p=329251"},"modified":"2023-05-11T16:56:04","modified_gmt":"2023-05-11T14:56:04","slug":"anche-il-pacifici-de-magistris-di-sezze-al-certamen-ciceronianum-di-arpino","status":"publish","type":"post","link":"https:\/\/www.radioluna.it\/news\/2023\/05\/anche-il-pacifici-de-magistris-di-sezze-al-certamen-ciceronianum-di-arpino\/","title":{"rendered":"Anche il Pacifici-De Magistris di Sezze al Certamen Ciceronianum di Arpino"},"content":{"rendered":"<div id=\"fb-root\"><\/div>\n<p style=\"text-align: justify;\"><strong>SEZZE<\/strong> &#8211; C\u2019era anche il <strong>Liceo Classico \u201cPacifici e de Magistris\u201d di Sezze<\/strong> a rappresentare l\u2019Italia nel certamen internazionale pi\u00f9 antico e pi\u00f9 famoso al mondo, il <strong>Certamen Ciceronianum Arpinas <\/strong>che si \u00e8 svolto nella citt\u00e0 di nascita del grande oratore. La XLII edizione ha visto la partecipazione di quindici paesi del mondo per un totale di <strong>238 studenti e sessanta docenti<\/strong>. L\u2019ISISS di Sezze non poteva che essere rappresentato da <strong>Vincenzo Recine<\/strong>, studente del II Liceo Classico, recente<strong> vincitore del primo premio al Certamen Nazionale Liviano<\/strong> 2023.<\/p>\n<p style=\"text-align: justify;\">&#8220;L\u2019amb\u00ecto primo premio del Ciceronianum \u00e8 andato alla Germania (e precisamente a George L\u00f6hnig dell&#8217; Albertus-Magnus-Gymnasium di Regensburg <em>ndr<\/em>), ma la comunit\u00e0 scolastica setina \u00e8 comunque orgogliosa per aver avuto la possibilit\u00e0 di essere stata rappresentata dal suo giovane studente all\u2019interno di un evento di cos\u00ec vasta visibilit\u00e0 a livello internazionale &#8211; sottolinea la <strong>professoressa Silvia Mattei<\/strong>, docente nella scuola guidata dalla <strong>dirigente scolastica Rossella Marra<\/strong> &#8211; Infatti \u00e8 importante ricordare che il Certamen Ciceroniano Arpinas non \u00e8 solo una gara di traduzione di un brano di Cicerone dal latino alla lingua madre, ma \u00e8 anche l\u2019insieme di diverse esperienze di carattere artistico, storico e relazionale: \u00e8 un momento in cui ragazzi della stessa et\u00e0 e provenienti da diverse parti del mondo, non solo competono in bravura, ma si confrontano nelle diverse culture nei limiti delle varie lingue che vengono infranti proprio dalla buona conoscenza del latino&#8221;.<\/p>\n<p style=\"text-align: justify;\">La particolarit\u00e0 dell&#8217;evento sta anche nel fatto che nelle giornate di concorso (quest&#8217;anno dal 4 al 7 maggio) studenti russi, polacchi, sloveni parlano tra di loro in lingua latina essendo l\u2019unica che tutti comprendono. &#8220;Quello che avviene durante questo tipo di eventi deve far riflettere soprattutto quanti ancora perseverano nel ritenere inutile lo studio della lingua latina e si ostinano pertanto a definirla una lingua morta&#8221;, conclude la professoressa\u00a0 Mattei.<\/p>\n","protected":false},"excerpt":{"rendered":"<p>SEZZE &#8211; C\u2019era anche il Liceo Classico \u201cPacifici e de Magistris\u201d di Sezze a rappresentare l\u2019Italia nel certamen internazionale pi\u00f9 antico e pi\u00f9 famoso al mondo, il Certamen Ciceronianum Arpinas che si \u00e8 svolto nella citt\u00e0 di nascita del grande oratore. La XLII edizione ha visto la partecipazione di quindici paesi del mondo per un [&hellip;]<\/p>\n","protected":false},"author":62,"featured_media":329258,"comment_status":"open","ping_status":"open","sticky":false,"template":"","format":"gallery","meta":{"footnotes":""},"categories":[248],"tags":[],"class_list":["post-329251","post","type-post","status-publish","format-gallery","has-post-thumbnail","hentry","category-istruzione","post_format-post-format-gallery"],"_links":{"self":[{"href":"https:\/\/www.radioluna.it\/news\/wp-json\/wp\/v2\/posts\/329251","targetHints":{"allow":["GET"]}}],"collection":[{"href":"https:\/\/www.radioluna.it\/news\/wp-json\/wp\/v2\/posts"}],"about":[{"href":"https:\/\/www.radioluna.it\/news\/wp-json\/wp\/v2\/types\/post"}],"author":[{"embeddable":true,"href":"https:\/\/www.radioluna.it\/news\/wp-json\/wp\/v2\/users\/62"}],"replies":[{"embeddable":true,"href":"https:\/\/www.radioluna.it\/news\/wp-json\/wp\/v2\/comments?post=329251"}],"version-history":[{"count":0,"href":"https:\/\/www.radioluna.it\/news\/wp-json\/wp\/v2\/posts\/329251\/revisions"}],"wp:featuredmedia":[{"embeddable":true,"href":"https:\/\/www.radioluna.it\/news\/wp-json\/wp\/v2\/media\/329258"}],"wp:attachment":[{"href":"https:\/\/www.radioluna.it\/news\/wp-json\/wp\/v2\/media?parent=329251"}],"wp:term":[{"taxonomy":"category","embeddable":true,"href":"https:\/\/www.radioluna.it\/news\/wp-json\/wp\/v2\/categories?post=329251"},{"taxonomy":"post_tag","embeddable":true,"href":"https:\/\/www.radioluna.it\/news\/wp-json\/wp\/v2\/tags?post=329251"}],"curies":[{"name":"wp","href":"https:\/\/api.w.org\/{rel}","templated":true}]}}