{"id":329309,"date":"2023-05-12T08:58:34","date_gmt":"2023-05-12T06:58:34","guid":{"rendered":"https:\/\/www.radioluna.it\/news\/?p=329309"},"modified":"2023-05-15T12:18:37","modified_gmt":"2023-05-15T10:18:37","slug":"giornata-mondiale-della-fibromialgia-la-torre-comunale-di-latina-si-illumina-di-viola","status":"publish","type":"post","link":"https:\/\/www.radioluna.it\/news\/2023\/05\/giornata-mondiale-della-fibromialgia-la-torre-comunale-di-latina-si-illumina-di-viola\/","title":{"rendered":"Giornata mondiale della Fibromialgia, la Torre comunale di Latina si illumina di viola"},"content":{"rendered":"<div id=\"fb-root\"><\/div>\n<p style=\"text-align: justify;\"><strong>LATINA<\/strong> &#8211; Oggi in occasione della Giornata Mondiale della Fibromialgia la torre del Palazzo comunale di Latina si colorer\u00e0 di viola per sensibilizzare su questa patologia cronica e invalidante.<\/p>\n<p style=\"text-align: justify;\">La fibromialgia \u00e8 una sindrome del dolore cronico muscolo-scheletrico diffuso, caratterizzata dunque da dolore muscolare e ai tessuti fibrosi (tendini e legamenti) ma anche da altri sintomi a carico di numerosi organi e apparati. Le sue cause sono ancora sconosciute, tant\u2019\u00e8 che viene chiamata la \u201csindrome fantasma\u201d: attualmente per diagnosticarla i medici procedono per esclusione di altre patologie, considerato che la maggior parte degli esami clinici danno esito negativo.<\/p>\n<p style=\"text-align: justify;\">&#8220;Informare e informarsi in merito diviene un \u201cobbligo\u201d morale e un dovere civile &#8211; dicono\u00a0 le associazioni Libellula Libera e CittadinanzAttiva \u2013 Tribunale per i diritti del Malato (TDM)\u00a0 che dalle ore 18 , saranno presenti in piazza del Popolo per accogliere tutti coloro che vorranno saperne di pi\u00f9 e contribuire ad accendere i riflettori sulla necessit\u00e0 di fare ricerca e attivare punti di ascolto e di intervento nel comune di Latina. Chi soffre di fibromialgia non deve essere pi\u00f9 considerato un malato invisibile &#8211; aggiungono &#8211; bens\u00ec un paziente da attenzionare e accompagnare lungo tutto il suo percorso di cura, affinch\u00e9 possa vivere una vita serena e attiva&#8221;.<\/p>\n<p style=\"text-align: justify;\">\n","protected":false},"excerpt":{"rendered":"<p>LATINA &#8211; Oggi in occasione della Giornata Mondiale della Fibromialgia la torre del Palazzo comunale di Latina si colorer\u00e0 di viola per sensibilizzare su questa patologia cronica e invalidante. La fibromialgia \u00e8 una sindrome del dolore cronico muscolo-scheletrico diffuso, caratterizzata dunque da dolore muscolare e ai tessuti fibrosi (tendini e legamenti) ma anche da altri [&hellip;]<\/p>\n","protected":false},"author":62,"featured_media":329310,"comment_status":"open","ping_status":"open","sticky":false,"template":"","format":"standard","meta":{"footnotes":""},"categories":[16],"tags":[],"class_list":["post-329309","post","type-post","status-publish","format-standard","has-post-thumbnail","hentry","category-appuntamenti"],"_links":{"self":[{"href":"https:\/\/www.radioluna.it\/news\/wp-json\/wp\/v2\/posts\/329309","targetHints":{"allow":["GET"]}}],"collection":[{"href":"https:\/\/www.radioluna.it\/news\/wp-json\/wp\/v2\/posts"}],"about":[{"href":"https:\/\/www.radioluna.it\/news\/wp-json\/wp\/v2\/types\/post"}],"author":[{"embeddable":true,"href":"https:\/\/www.radioluna.it\/news\/wp-json\/wp\/v2\/users\/62"}],"replies":[{"embeddable":true,"href":"https:\/\/www.radioluna.it\/news\/wp-json\/wp\/v2\/comments?post=329309"}],"version-history":[{"count":0,"href":"https:\/\/www.radioluna.it\/news\/wp-json\/wp\/v2\/posts\/329309\/revisions"}],"wp:featuredmedia":[{"embeddable":true,"href":"https:\/\/www.radioluna.it\/news\/wp-json\/wp\/v2\/media\/329310"}],"wp:attachment":[{"href":"https:\/\/www.radioluna.it\/news\/wp-json\/wp\/v2\/media?parent=329309"}],"wp:term":[{"taxonomy":"category","embeddable":true,"href":"https:\/\/www.radioluna.it\/news\/wp-json\/wp\/v2\/categories?post=329309"},{"taxonomy":"post_tag","embeddable":true,"href":"https:\/\/www.radioluna.it\/news\/wp-json\/wp\/v2\/tags?post=329309"}],"curies":[{"name":"wp","href":"https:\/\/api.w.org\/{rel}","templated":true}]}}