{"id":329454,"date":"2023-05-15T11:25:26","date_gmt":"2023-05-15T09:25:26","guid":{"rendered":"https:\/\/www.radioluna.it\/news\/?p=329454"},"modified":"2023-05-17T18:21:15","modified_gmt":"2023-05-17T16:21:15","slug":"maturita-2023-due-scritti-quasi-per-tutti-e-un-colloquio","status":"publish","type":"post","link":"https:\/\/www.radioluna.it\/news\/2023\/05\/maturita-2023-due-scritti-quasi-per-tutti-e-un-colloquio\/","title":{"rendered":"Maturit\u00e0 2023, due scritti (quasi per tutti) e un colloquio"},"content":{"rendered":"<div id=\"fb-root\"><\/div>\n<p style=\"text-align: justify;\"><strong>LATINA<\/strong> &#8211; <strong>Due prove scritte<\/strong> decise <a href=\"https:\/\/www.istruzione.it\/esami-di-stato\/tutto-sulla-maturita-2023.html\">dal Ministero dell&#8217;Istruzione e del Merito<\/a> e <strong>un colloquio<\/strong>. Si svolger\u00e0 cos\u00ec, per la grandissima parte degli studenti italiani (meno di 5000 quelli pontini), l&#8217;esame di maturit\u00e0 davanti ad una <strong>commissione formata da tre commissari interni, tre esterni e un presidente esterno<\/strong>. Lo svolgimento delle prove <strong>Invalsi \u00e8 requisito di ammissione<\/strong>.<\/p>\n<p style=\"text-align: justify;\"><strong>DATE SCRITTI<\/strong> &#8211;\u00a0 \u00a0Si comincia <strong>mercoled\u00ec 21 giugno alle 8.30<\/strong> verranno consegnate le tracce per la prima prova di <strong>lingua italiana<\/strong>. La durata \u00e8 quella consueta, massimo sei ore, e la possibilit\u00e0 per gli studenti di scegliere tra sette diverse tracce. \u00a0La seconda prova si svolge <strong>il 22 giugno, sempre alle 8.30 ed \u00e8 prova di indirizzo<\/strong>. Solo in alcuni casi specifici \u00e8 prevista una terza prova scritta, che si tiene il 27 giugno si tratta delle sezioni ESABAC, ESABAC techno, e di quelle con opzione internazionale.<\/p>\n<p style=\"text-align: justify;\"><strong>ORALE<\/strong> &#8211; I colloqui si svolgono dopo gli scritti e <strong>riguardano anche l\u2019insegnamento trasversale dell\u2019educazione civica<\/strong> e includono le esperienze di stage.<\/p>\n<p style=\"text-align: justify;\"><strong>NEL CURRICULUM<\/strong> &#8211; All\u2019interno della piattaforma Curriculum dello studente, i candidati possono visualizzare &#8211; nella prima e seconda parte &#8211; le informazioni sul loro percorso di studi. <strong>Possono inserire nel Curriculum sia informazioni sulle certificazioni conseguite sia soprattutto le eventuali attivit\u00e0 extra scolastiche<\/strong>. Ci\u00f2 permette di dare evidenza alle esperienze pi\u00f9 significative, soprattutto quelle che possono essere richiamate nello svolgimento del colloquio.<\/p>\n<p style=\"text-align: justify;\">\n","protected":false},"excerpt":{"rendered":"<p>LATINA &#8211; Due prove scritte decise dal Ministero dell&#8217;Istruzione e del Merito e un colloquio. Si svolger\u00e0 cos\u00ec, per la grandissima parte degli studenti italiani (meno di 5000 quelli pontini), l&#8217;esame di maturit\u00e0 davanti ad una commissione formata da tre commissari interni, tre esterni e un presidente esterno. Lo svolgimento delle prove Invalsi \u00e8 requisito [&hellip;]<\/p>\n","protected":false},"author":62,"featured_media":194912,"comment_status":"open","ping_status":"open","sticky":false,"template":"","format":"standard","meta":{"footnotes":""},"categories":[248],"tags":[],"class_list":["post-329454","post","type-post","status-publish","format-standard","has-post-thumbnail","hentry","category-istruzione"],"_links":{"self":[{"href":"https:\/\/www.radioluna.it\/news\/wp-json\/wp\/v2\/posts\/329454","targetHints":{"allow":["GET"]}}],"collection":[{"href":"https:\/\/www.radioluna.it\/news\/wp-json\/wp\/v2\/posts"}],"about":[{"href":"https:\/\/www.radioluna.it\/news\/wp-json\/wp\/v2\/types\/post"}],"author":[{"embeddable":true,"href":"https:\/\/www.radioluna.it\/news\/wp-json\/wp\/v2\/users\/62"}],"replies":[{"embeddable":true,"href":"https:\/\/www.radioluna.it\/news\/wp-json\/wp\/v2\/comments?post=329454"}],"version-history":[{"count":0,"href":"https:\/\/www.radioluna.it\/news\/wp-json\/wp\/v2\/posts\/329454\/revisions"}],"wp:featuredmedia":[{"embeddable":true,"href":"https:\/\/www.radioluna.it\/news\/wp-json\/wp\/v2\/media\/194912"}],"wp:attachment":[{"href":"https:\/\/www.radioluna.it\/news\/wp-json\/wp\/v2\/media?parent=329454"}],"wp:term":[{"taxonomy":"category","embeddable":true,"href":"https:\/\/www.radioluna.it\/news\/wp-json\/wp\/v2\/categories?post=329454"},{"taxonomy":"post_tag","embeddable":true,"href":"https:\/\/www.radioluna.it\/news\/wp-json\/wp\/v2\/tags?post=329454"}],"curies":[{"name":"wp","href":"https:\/\/api.w.org\/{rel}","templated":true}]}}