{"id":329592,"date":"2023-05-16T10:23:17","date_gmt":"2023-05-16T08:23:17","guid":{"rendered":"https:\/\/www.radioluna.it\/news\/?p=329592"},"modified":"2023-05-16T10:25:15","modified_gmt":"2023-05-16T08:25:15","slug":"amministrative-calandrini-e-procaccini-a-latina-abbiamo-scritto-la-storia-abbiamo-parlato-al-cuore","status":"publish","type":"post","link":"https:\/\/www.radioluna.it\/news\/2023\/05\/amministrative-calandrini-e-procaccini-a-latina-abbiamo-scritto-la-storia-abbiamo-parlato-al-cuore\/","title":{"rendered":"Amministrative, Calandrini e Procaccini: \u201cA Latina abbiamo scritto la storia\u201d, &#8220;Abbiamo parlato al cuore&#8221;"},"content":{"rendered":"<div id=\"fb-root\"><\/div>\n<p style=\"text-align: justify;\"><strong>LATINA<\/strong> &#8211; Si \u00e8 notata ieri l&#8217;assenza al point elettorale del coordinatore provinciale di Fratelli d&#8217;Italia Nicola Calandrini dopo la vittoria di Matilde Celentano, e poi, pi\u00f9 tardi in Comune dove la candidata \u00e8 salita per la prima volta senza trovare il commissario Carmine Valente che la attende oggi alle 12 per il passaggio di consegne. Si \u00e8 notata anche l&#8217;assenza di Vincenzo Zaccheo che \u00e8 stato molto presente durante la campagna elettorale.<\/p>\n<p style=\"text-align: justify;\">Calandrini commenta oggi\u00a0 con un comunicato: \u201cLa provincia di Latina, con in testa il capoluogo, ha detto chiaramente di voler cambiare pagina e lasciarsi alle spalle anni di immobilismo e di isolamento istituzionale. E\u2019 finito il tempo degli slogan, \u00e8 arrivato quello della politica attiva. A Latina si tratta di una vittoria netta, della coalizione di centrodestra e di Fratelli d\u2019Italia che si dimostra essere, ancora una volta, il partito pi\u00f9 votato. Ma il centrodestra unito ha vinto e convinto anche a Terracina dove \u00e8 stato eletto Francesco Giannetti e prenotato la vittoria al ballottaggio nell\u2019altro centro strategico della Provincia, Aprilia.\u00a0 Il nostro \u00e8 un lavoro che viene da lontano, che \u00e8 stato maturato in anni di radicamento sul territorio, attraverso la militanza e la creazione di una classe dirigente professionale e attenta ai bisogni della gente. Un lavoro che ci ha premiato, anche in piccoli centri, i quali rappresentano per\u00f2 l\u2019ossatura di questa provincia. Mi riferisco a Bassiano, ad esempio, dove la nostra comunit\u00e0 di patrioti \u00e8 stata la fautrice della vittoria del sindaco civico Giovanbattista Onori. Tornando al capoluogo, la vittoria \u00e8 stata netta: Matilde Celentano \u00e8 stata preferita dal 70% degli elettori, quasi il 30% dei quali ha deciso di votare per Fratelli d\u2019Italia. Il primo sindaco donna della storia della citt\u00e0, il programma di centrodestra, il progetto di una filiera di governo concreta che unir\u00e0 Latina al Parlamento passando per la Regione Lazio, ha convinto i cittadini che ci hanno restituito, attraverso le urne, un mandato chiaro. Ora ci metteremo subito al lavoro per formare una squadra di governo in grado di rispondere ai grandi temi che attanagliano Latina: sicurezza, infrastrutture e decoro. Anche in questa tornata elettorale dobbiamo fare i conti con un alto astensionismo ma sono certo che la concretezza che caratterizzer\u00e0 la nostra azione amministrativa sapr\u00e0 anche riavvicinare i cittadini alla politica. Latina ora pu\u00f2 contare su una filiera di governo pragmatica e con lei gli altri territori in cui ha trionfato il centrodestra. Latina avr\u00e0 un nuovo sviluppo, i servizi che le spettano ma soprattutto programmazione, cosa che \u00e8 mancata negli ultimi sette anni\u201d, dichiara il Senatore di Fratelli d\u2019Italia Latina.<\/p>\n<p style=\"text-align: justify;\">Presente al point di Latina, Aprilia e della sua citt\u00e0 Terracina, invece, durante lo spoglio l&#8217;europarlamentare Nicola Procaccini che ha voluto cos\u00ec commentare:\u00a0 \u201cI successi netti di Matilde Celentano a Latina e Francesco Giannetti a Terracina sono il frutto di proposte serie e concrete e di candidati convincenti, che hanno saputo parlare al cuore delle persone. I cittadini hanno compreso il valore dei nostri messaggi e hanno premiato due candidati sindaco apprezzati dai cittadini, che hanno saputo unire attorno alle loro figure e ai rispettivi programmi una intera coalizione. Accanto alla soddisfazione per i nuovi sindaci, a cui vanno i miei complimenti, rilevo con piacere in entrambe le citt\u00e0 l\u2019importante affermazione delle liste e dei candidati di Fratelli d\u2019Italia. Il partito, grazie al lavoro di tutti i suoi esponenti e il coordinamento del Sen. Nicola Calandrini, si \u00e8 confermato forza trainante di una coalizione coesa e capace di trasmettere sul territorio i valori e le proposte che il governo nazionale e regionale stanno cercando di attuare per garantire la crescita e lo sviluppo dell\u2019intera nazione e veicolati a Latina e Terracina con la presenza di ministri e sottosegretari e dal presidente Rocca.\u00a0 Come accaduto gi\u00e0 per le affermazioni alle elezioni politiche e regionali, alla soddisfazione per i risultati si unisce il momento della responsabilit\u00e0 e di mettersi al lavoro per riprendere un percorso di buona amministrazione bruscamente interrotto nelle due citt\u00e0.\u201d<\/p>\n<div class=\"radio-posizionamento-telefono-in-articoli-dopo-il-contenuto-articolo radio-entity-placement\" id=\"radio-3212558199\"><div id=\"radio-1656015288\"><a href=\"https:\/\/grupporedi.it\/\" aria-label=\"Redi-Qr\"><img loading=\"lazy\" decoding=\"async\" src=\"https:\/\/www.radioluna.it\/news\/wp-content\/uploads\/2026\/03\/Redi-Qr.jpg\" alt=\"\"  srcset=\"https:\/\/www.radioluna.it\/news\/wp-content\/uploads\/2026\/03\/Redi-Qr.jpg 800w, https:\/\/www.radioluna.it\/news\/wp-content\/uploads\/2026\/03\/Redi-Qr-768x639.jpg 768w\" sizes=\"(max-width: 800px) 100vw, 800px\" width=\"300\" height=\"250\"   \/><\/a><\/div><\/div>","protected":false},"excerpt":{"rendered":"<p>LATINA &#8211; Si \u00e8 notata ieri l&#8217;assenza al point elettorale del coordinatore provinciale di Fratelli d&#8217;Italia Nicola Calandrini dopo la vittoria di Matilde Celentano, e poi, pi\u00f9 tardi in Comune dove la candidata \u00e8 salita per la prima volta senza trovare il commissario Carmine Valente che la attende oggi alle 12 per il passaggio di [&hellip;]<\/p>\n","protected":false},"author":60,"featured_media":247456,"comment_status":"open","ping_status":"open","sticky":false,"template":"","format":"standard","meta":{"footnotes":""},"categories":[8],"tags":[],"class_list":["post-329592","post","type-post","status-publish","format-standard","has-post-thumbnail","hentry","category-politica"],"_links":{"self":[{"href":"https:\/\/www.radioluna.it\/news\/wp-json\/wp\/v2\/posts\/329592","targetHints":{"allow":["GET"]}}],"collection":[{"href":"https:\/\/www.radioluna.it\/news\/wp-json\/wp\/v2\/posts"}],"about":[{"href":"https:\/\/www.radioluna.it\/news\/wp-json\/wp\/v2\/types\/post"}],"author":[{"embeddable":true,"href":"https:\/\/www.radioluna.it\/news\/wp-json\/wp\/v2\/users\/60"}],"replies":[{"embeddable":true,"href":"https:\/\/www.radioluna.it\/news\/wp-json\/wp\/v2\/comments?post=329592"}],"version-history":[{"count":0,"href":"https:\/\/www.radioluna.it\/news\/wp-json\/wp\/v2\/posts\/329592\/revisions"}],"wp:featuredmedia":[{"embeddable":true,"href":"https:\/\/www.radioluna.it\/news\/wp-json\/wp\/v2\/media\/247456"}],"wp:attachment":[{"href":"https:\/\/www.radioluna.it\/news\/wp-json\/wp\/v2\/media?parent=329592"}],"wp:term":[{"taxonomy":"category","embeddable":true,"href":"https:\/\/www.radioluna.it\/news\/wp-json\/wp\/v2\/categories?post=329592"},{"taxonomy":"post_tag","embeddable":true,"href":"https:\/\/www.radioluna.it\/news\/wp-json\/wp\/v2\/tags?post=329592"}],"curies":[{"name":"wp","href":"https:\/\/api.w.org\/{rel}","templated":true}]}}