{"id":330399,"date":"2023-06-01T10:55:32","date_gmt":"2023-06-01T08:55:32","guid":{"rendered":"https:\/\/www.radioluna.it\/news\/?p=330399"},"modified":"2023-06-01T10:55:32","modified_gmt":"2023-06-01T08:55:32","slug":"a-latina-il-torneo-internazionale-di-padel-ipt-malta","status":"publish","type":"post","link":"https:\/\/www.radioluna.it\/news\/2023\/06\/a-latina-il-torneo-internazionale-di-padel-ipt-malta\/","title":{"rendered":"A Latina il torneo internazionale di Padel Ipt Malta"},"content":{"rendered":"<div id=\"fb-root\"><\/div>\n<p style=\"text-align: justify;\">LATINA &#8211; Il 10 e 11 giugno il Gr Padel di Latina ospita il primo evento del torneo di padel internazionale IPT Malta. L&#8217;evento vedr\u00e0 la partecipazione dei migliori giocatori di padel provenienti da Malta, nelle diverse categorie , promettendo spettacolo e competizione di alto livello.<\/p>\n<p style=\"text-align: justify;\">Il torneo di padel internazionale \u00e8 un&#8217;opportunit\u00e0 unica per gli appassionati di padel e gli sportivi di vivere l&#8217;emozione di partite intense e strategie di gioco avanzate. Saranno presenti alcuni dei pi\u00f9 talentuosi giocatori, pronti a sfidarsi sul campo di gioco.<\/p>\n<p style=\"text-align: justify;\">Durante l&#8217;evento, i giocatori avranno l&#8217;opportunit\u00e0 di dimostrare le loro abilit\u00e0 e competere per il prestigioso titolo di campione di IPT Malta. Il torneo offrir\u00e0 diverse categorie, tra cui Men pro open, Men advanced, Men intermediate, Girls A e Girls B e il misto open garantendo una variet\u00e0 di partite.<\/p>\n<p style=\"text-align: justify;\">L&#8217;evento di padel internazionale \u00e8 reso possibile grazie al supporto del piu grande club di padel di malta IK Padel Malta\u00a0 e al supporto dei nostri partener, tra cui anche LunaNotizie, Radioluna , RadioImmagine e Radio Latina.<\/p>\n<p>Le inscrizioni sono ancora aperte:\u00a0<a href=\"http:\/\/www.iptmalta.com\">www.iptmalta.com <\/a>o 34709589204 &#8211; 356 79232205.<\/p>\n<div class=\"radio-posizionamento-telefono-in-articoli-dopo-il-contenuto-articolo radio-entity-placement\" id=\"radio-4028022225\"><div id=\"radio-1803868372\" style=\"width: 300px;height: 250px;\"><a href=\"https:\/\/www.icarspa.it\/auto\/usate\/latina\/\" aria-label=\"banner aprile icar new life &#8211; auto usate latina\"><img loading=\"lazy\" decoding=\"async\" src=\"https:\/\/www.radioluna.it\/news\/wp-content\/uploads\/2026\/02\/banner-aprile-icar-new-life-auto-usate-latina.gif\" alt=\"\"  width=\"300\" height=\"250\"   \/><\/a><\/div><\/div>","protected":false},"excerpt":{"rendered":"<p>LATINA &#8211; Il 10 e 11 giugno il Gr Padel di Latina ospita il primo evento del torneo di padel internazionale IPT Malta. L&#8217;evento vedr\u00e0 la partecipazione dei migliori giocatori di padel provenienti da Malta, nelle diverse categorie , promettendo spettacolo e competizione di alto livello. Il torneo di padel internazionale \u00e8 un&#8217;opportunit\u00e0 unica per [&hellip;]<\/p>\n","protected":false},"author":5430,"featured_media":0,"comment_status":"open","ping_status":"open","sticky":false,"template":"","format":"standard","meta":{"footnotes":""},"categories":[17],"tags":[],"class_list":["post-330399","post","type-post","status-publish","format-standard","hentry","category-sport"],"_links":{"self":[{"href":"https:\/\/www.radioluna.it\/news\/wp-json\/wp\/v2\/posts\/330399","targetHints":{"allow":["GET"]}}],"collection":[{"href":"https:\/\/www.radioluna.it\/news\/wp-json\/wp\/v2\/posts"}],"about":[{"href":"https:\/\/www.radioluna.it\/news\/wp-json\/wp\/v2\/types\/post"}],"author":[{"embeddable":true,"href":"https:\/\/www.radioluna.it\/news\/wp-json\/wp\/v2\/users\/5430"}],"replies":[{"embeddable":true,"href":"https:\/\/www.radioluna.it\/news\/wp-json\/wp\/v2\/comments?post=330399"}],"version-history":[{"count":0,"href":"https:\/\/www.radioluna.it\/news\/wp-json\/wp\/v2\/posts\/330399\/revisions"}],"wp:attachment":[{"href":"https:\/\/www.radioluna.it\/news\/wp-json\/wp\/v2\/media?parent=330399"}],"wp:term":[{"taxonomy":"category","embeddable":true,"href":"https:\/\/www.radioluna.it\/news\/wp-json\/wp\/v2\/categories?post=330399"},{"taxonomy":"post_tag","embeddable":true,"href":"https:\/\/www.radioluna.it\/news\/wp-json\/wp\/v2\/tags?post=330399"}],"curies":[{"name":"wp","href":"https:\/\/api.w.org\/{rel}","templated":true}]}}