{"id":330638,"date":"2023-06-05T10:45:45","date_gmt":"2023-06-05T08:45:45","guid":{"rendered":"https:\/\/www.radioluna.it\/news\/?p=330638"},"modified":"2023-06-06T11:15:25","modified_gmt":"2023-06-06T09:15:25","slug":"latina-al-conservatorio-un-concerto-per-ricordare-cristina-cimagalli","status":"publish","type":"post","link":"https:\/\/www.radioluna.it\/news\/2023\/06\/latina-al-conservatorio-un-concerto-per-ricordare-cristina-cimagalli\/","title":{"rendered":"Latina, al Conservatorio un concerto per ricordare Cristina Cimagalli"},"content":{"rendered":"<div id=\"fb-root\"><\/div>\n<p style=\"text-align: justify;\"><strong>LATINA<\/strong> &#8211; Il conservatorio di Musica di Latina ricorda la maestra <strong>Cristina Cimagalli<\/strong>, musicologa, direttrice d\u2019orchestra,\u00a0 pianista e storica della musica scomparsa il 13 aprile all&#8217;et\u00e0 di 61 anni. A renderle omaggio i suoi allievi del conservatorio <strong>Ottorino Respighi di Latina<\/strong> con un concerto che si terr\u00e0 oggi, luned\u00ec 5 giugno, alle 18.30 nell&#8217;<strong>auditorium Roffredo Caetani di Via Ezio<\/strong>. Nel programma antico,\u00a0 moderno e musica contemporanea con una composizione degli studenti scritta per l&#8217;occasione.<\/p>\n<p style=\"text-align: justify;\">Un concerto &#8220;in memoria della nostra amata Maestra Cristina Cimagalli, con immensa gratitudine per i suoi insegnamenti sempre piacevoli, divertenti e in grado di ispirarci. Per la sua dedizione allo stare al passo con le nuove tecnologie e le nuove generazioni, al fine di garantire costantemente il meglio da offrire. Per essere sempre figura di riferimento e motivo di incoraggiamento. Per essere vento alle nostre spalle, perch\u00e9 ogni sua parola pu\u00f2 ancora gonfiare le nostre vele e farci avanzare. Per la formazione che ci ha dato, non solo artistica ma anche profondamente umana. Per averci portato sulle sue spalle, per la gioia, le risate che ci ha donato, la curiosit\u00e0 che ha destato dentro ciascuno di noi. Per i nuovi orizzonti che ci ha aperto, cos\u00ec come ha fatto con le nostre menti. Per la sua incondizionata e costante presenza, e per essere stata sempre un nostro porto sicuro. Offriamo questo concerto in memoria di Lei con estremo affetto, stima e gratitudine&#8221;, scrivono i &#8220;Cimagallini&#8221;.<\/p>\n<p>CHI ERA E CHE COSA LASCIA (5 giugno 1961 &#8211; 13 aprile 2023)<\/p>\n<p>Musicologa, direttrice d\u2019orchestra e pianista. Storica della musica, ha pubblicato libri e numerosi articoli<br \/>\nsu riviste musicologiche italiane e internazionali; si segnalano in particolare Utopia di un\u2019universit\u00e0<br \/>\nmusicale. Storia dei progetti per un livello superiore di studi musicali dall\u2019Unit\u00e0 d\u2019Italia al secondo<br \/>\ndopoguerra (1861-1948), con Mario Carrozzo, una Storia della musica occidentale in tre volumi, adottata<br \/>\nin numerosi Conservatori e Universit\u00e0, e Racconti irriverenti.<br \/>\n\u00c8 stata anche attiva come compositrice, direttrice d\u2019orchestra e pianista, effettuando concerti, in Italia e<br \/>\nall\u2019estero, trasmessi anche dalla RAI e da altre emittenti; ha al suo attivo, come direttore e pianista, molte<br \/>\nprime esecuzioni assolute. In qualit\u00e0 di compositore ha prodotto musiche di scena e collaborato con<br \/>\neminenti registi per produzioni di vari festival italiani.<br \/>\nEra titolare della cattedra di Storia della musica presso vari conservatori italiani e per passione guida escursionistica del Cai.<\/p>\n<p><strong>IL PROGRAMMA\u00a0<\/strong><\/p>\n<p>Fiamma Flavia Paolucci :<br \/>\nIn Memoriam Cristina Cimagalli<\/p>\n<p>Fiamma Flavia Paolucci , violino<br \/>\nMirco Iannaccone :Feeling over the clouds;<br \/>\ndedicato alla prof.ssa Cristina Cimagalli<br \/>\nMirco Iannaccone , pianoforte<br \/>\nGiacomo Puccini : Aria di Magda, Chi il bel<br \/>\nsogno di Doretta dall&#8217; opera La rondine<br \/>\nLaura Teofani, soprano<br \/>\nprof. Nicol\u00f2 Iucolano , pianoforte<\/p>\n<p>Sergio Assad : Farewell<br \/>\nGiuseppe De Francesco , chitarra<br \/>\nManuel Mauti , chitarra<br \/>\nLudwig van Beethoven : Piano trio n. 1<br \/>\nin Mi bemolle maggiore op. 1 , II. movimento<br \/>\nMartina Lauretti , violino<br \/>\nGiulia Mastrantoni , violoncello<br \/>\nMartina Treglia , pianoforte<\/p>\n<p>Franz Schubert :<br \/>\nDer Tod und das M\u00e4dchen; n. 3 op. 7 D 531<br \/>\nGabriel Falla , tenore<br \/>\nDaniele Galderisi , pianoforte<\/p>\n<p>Johann Sebastian Bach : Andante<br \/>\ndalla Sonata per violino solo n. 2 BWV 1003<br \/>\nPaolo Lozupone , violino barocco<\/p>\n<p>Heitor Villa-Lobos :<br \/>\nBachianas Brasileiras n. 5 \u00c1ria (Cantilena);<br \/>\nGiorgia Tirocchi , soprano<br \/>\nLisa Gregori , flauto<br \/>\nSerine Khoudriate , flauto<br \/>\nCamilla Ciriaco , pianoforte<\/p>\n<p>Louis Spohr : Wiegenlied;<br \/>\ndal Sechs Deutsche Lieder op. 103<\/p>\n<p>Lucy Botrugno , soprano<br \/>\nChristian Negri , clarinetto<br \/>\nMarianna Martinelli , pianoforte<\/p>\n<p>Wolfgang Amadeus Mozart :<br \/>\nNotturno Due pupille amabili K 439<br \/>\nNotturno Se lontan, ben mio, tu sei K 438<br \/>\nLorena Cesaretti , soprano<br \/>\nLucy Botrugno , soprano<br \/>\nprof. Enrico Turco , basso<br \/>\nMarta Nicolaci , clarinetto<br \/>\nChristian Negri , clarinetto<br \/>\nMattia Trani , clarinetto basso<br \/>\nWolfgang Amadeus Mozart : Sonata per<br \/>\npianoforte n. 8 K 310 , II. Movimento<br \/>\nprof.ssa Laura Manzini , pianoforte<br \/>\nFranz Schubert : Die sch\u00f6ne M\u00fcllerin<br \/>\nn. 5 op. 25 D 795 Am Feierabend<\/p>\n<p>Giancarlo Mari , tenore<br \/>\nElisa Bonomo , pianoforte<\/p>\n<p>Johann Sebastian Bach : Sarabanda<br \/>\ndalla suite per violoncello n. 2 BWV 1008<br \/>\nMattia Geracitano , violoncello<br \/>\nAntonio Vivaldi : Aria di Abra, Si fulgida per<br \/>\nte&amp;quot; dell&#8217;oratorio Juditha triumphans, RV 644<br \/>\nMaria Chiara Forte , soprano<br \/>\nAlessandro Samsa , pianoforte<br \/>\nJohann Sebastian Bach : Sarabanda dalla Suite<br \/>\nfrancese No. 5 , BWV 816<\/p>\n<p>Riccardo Pugliese, fisarmonica<br \/>\nJohann Sebastian Bach : Erbarme dich, mein<br \/>\nGott&amp;quot; dell&#8217;oratorio Matth\u00e4uspassion BWV 244<br \/>\nGiulia Cellacchi , violino<br \/>\nDavide Cellacchi , violoncello<br \/>\nHenry Purcell : Lamento di Dido When I am<br \/>\nlaid in earth; dall&#8217;opera Dido and Aeneas<br \/>\nprof.ssa Lucia Bova , arpa<br \/>\nKristina Petric , arpa<\/p>\n","protected":false},"excerpt":{"rendered":"<p>LATINA &#8211; Il conservatorio di Musica di Latina ricorda la maestra Cristina Cimagalli, musicologa, direttrice d\u2019orchestra,\u00a0 pianista e storica della musica scomparsa il 13 aprile all&#8217;et\u00e0 di 61 anni. A renderle omaggio i suoi allievi del conservatorio Ottorino Respighi di Latina con un concerto che si terr\u00e0 oggi, luned\u00ec 5 giugno, alle 18.30 nell&#8217;auditorium Roffredo [&hellip;]<\/p>\n","protected":false},"author":62,"featured_media":330640,"comment_status":"open","ping_status":"open","sticky":false,"template":"","format":"standard","meta":{"footnotes":""},"categories":[16],"tags":[],"class_list":["post-330638","post","type-post","status-publish","format-standard","has-post-thumbnail","hentry","category-appuntamenti"],"_links":{"self":[{"href":"https:\/\/www.radioluna.it\/news\/wp-json\/wp\/v2\/posts\/330638","targetHints":{"allow":["GET"]}}],"collection":[{"href":"https:\/\/www.radioluna.it\/news\/wp-json\/wp\/v2\/posts"}],"about":[{"href":"https:\/\/www.radioluna.it\/news\/wp-json\/wp\/v2\/types\/post"}],"author":[{"embeddable":true,"href":"https:\/\/www.radioluna.it\/news\/wp-json\/wp\/v2\/users\/62"}],"replies":[{"embeddable":true,"href":"https:\/\/www.radioluna.it\/news\/wp-json\/wp\/v2\/comments?post=330638"}],"version-history":[{"count":0,"href":"https:\/\/www.radioluna.it\/news\/wp-json\/wp\/v2\/posts\/330638\/revisions"}],"wp:featuredmedia":[{"embeddable":true,"href":"https:\/\/www.radioluna.it\/news\/wp-json\/wp\/v2\/media\/330640"}],"wp:attachment":[{"href":"https:\/\/www.radioluna.it\/news\/wp-json\/wp\/v2\/media?parent=330638"}],"wp:term":[{"taxonomy":"category","embeddable":true,"href":"https:\/\/www.radioluna.it\/news\/wp-json\/wp\/v2\/categories?post=330638"},{"taxonomy":"post_tag","embeddable":true,"href":"https:\/\/www.radioluna.it\/news\/wp-json\/wp\/v2\/tags?post=330638"}],"curies":[{"name":"wp","href":"https:\/\/api.w.org\/{rel}","templated":true}]}}