{"id":330643,"date":"2023-06-05T11:31:07","date_gmt":"2023-06-05T09:31:07","guid":{"rendered":"https:\/\/www.radioluna.it\/news\/?p=330643"},"modified":"2023-06-06T10:11:28","modified_gmt":"2023-06-06T08:11:28","slug":"209-dellarma-dei-carabinieri-le-celebrazioni-a-latina","status":"publish","type":"post","link":"https:\/\/www.radioluna.it\/news\/2023\/06\/209-dellarma-dei-carabinieri-le-celebrazioni-a-latina\/","title":{"rendered":"209\u00b0 dell&#8217;Arma dei Carabinieri: le celebrazioni a Latina"},"content":{"rendered":"<div id=\"fb-root\"><\/div>\n<p style=\"text-align: justify;\"><strong>LATINA &#8211;<\/strong> Si tengono oggi le celebrazioni del 209\u00b0 anniversario della fondazione dell&#8217;Arma dei Carabinieri. Alle \u00a019 in \u00a0Piazza del Popolo a Latina la cerimonia alla presenza dei cittadini che vorranno esserci, delle autorit\u00e0 civili e militari, provinciali e cittadine. Subito prima, alle 18.30, si terr\u00e0 la commemorazione da parte del comandante provinciale colonnello Lorenzo D\u2019Aloja dei militari caduti.\u00a0 Il primo appuntamento \u00e8 al monumento di Largo Nassiriya davanti alla caserma Cimarrusti alla presenza del prefetto Maurizio Falco dove sar\u00e0 deposta una corona di fiori. Nell&#8217;occasione il colonnello D&#8217;Aloia terr\u00e0 il resoconto di attivit\u00e0 e saranno consegnate\u00a0 ricompense e attestazioni di merito\u00a0 ai carabinieri che si sono distinti in servizio.<\/p>\n","protected":false},"excerpt":{"rendered":"<p>LATINA &#8211; Si tengono oggi le celebrazioni del 209\u00b0 anniversario della fondazione dell&#8217;Arma dei Carabinieri. Alle \u00a019 in \u00a0Piazza del Popolo a Latina la cerimonia alla presenza dei cittadini che vorranno esserci, delle autorit\u00e0 civili e militari, provinciali e cittadine. Subito prima, alle 18.30, si terr\u00e0 la commemorazione da parte del comandante provinciale colonnello Lorenzo [&hellip;]<\/p>\n","protected":false},"author":62,"featured_media":291907,"comment_status":"open","ping_status":"open","sticky":false,"template":"","format":"standard","meta":{"footnotes":""},"categories":[16],"tags":[],"class_list":["post-330643","post","type-post","status-publish","format-standard","has-post-thumbnail","hentry","category-appuntamenti"],"_links":{"self":[{"href":"https:\/\/www.radioluna.it\/news\/wp-json\/wp\/v2\/posts\/330643","targetHints":{"allow":["GET"]}}],"collection":[{"href":"https:\/\/www.radioluna.it\/news\/wp-json\/wp\/v2\/posts"}],"about":[{"href":"https:\/\/www.radioluna.it\/news\/wp-json\/wp\/v2\/types\/post"}],"author":[{"embeddable":true,"href":"https:\/\/www.radioluna.it\/news\/wp-json\/wp\/v2\/users\/62"}],"replies":[{"embeddable":true,"href":"https:\/\/www.radioluna.it\/news\/wp-json\/wp\/v2\/comments?post=330643"}],"version-history":[{"count":0,"href":"https:\/\/www.radioluna.it\/news\/wp-json\/wp\/v2\/posts\/330643\/revisions"}],"wp:featuredmedia":[{"embeddable":true,"href":"https:\/\/www.radioluna.it\/news\/wp-json\/wp\/v2\/media\/291907"}],"wp:attachment":[{"href":"https:\/\/www.radioluna.it\/news\/wp-json\/wp\/v2\/media?parent=330643"}],"wp:term":[{"taxonomy":"category","embeddable":true,"href":"https:\/\/www.radioluna.it\/news\/wp-json\/wp\/v2\/categories?post=330643"},{"taxonomy":"post_tag","embeddable":true,"href":"https:\/\/www.radioluna.it\/news\/wp-json\/wp\/v2\/tags?post=330643"}],"curies":[{"name":"wp","href":"https:\/\/api.w.org\/{rel}","templated":true}]}}