{"id":330670,"date":"2023-06-05T17:49:23","date_gmt":"2023-06-05T15:49:23","guid":{"rendered":"https:\/\/www.radioluna.it\/news\/?p=330670"},"modified":"2023-06-07T12:18:56","modified_gmt":"2023-06-07T10:18:56","slug":"a-sperlonga-la-giornata-mondiale-degli-oceani","status":"publish","type":"post","link":"https:\/\/www.radioluna.it\/news\/2023\/06\/a-sperlonga-la-giornata-mondiale-degli-oceani\/","title":{"rendered":"A Sperlonga la &#8220;Giornata mondiale degli oceani&#8221;"},"content":{"rendered":"<div id=\"fb-root\"><\/div>\n<p style=\"text-align: justify;\"><strong>SPERLONGA &#8211;<\/strong> Torna a Sperlonga la \u2018Giornata Mondiale degli Oceani\u2019. Per l\u2019edizione 2023 la societ\u00e0 Porto di Sperlonga srl, guidata dal presidente Gabriele La Rocca, conferma l\u2019adesione all\u2019importante giornata promossa dall\u2019Onu e, insieme all\u2019associazione culturale Posidonia dello scrittore Giorgio Anastasio, organizza una grande manifestazione rivolta a cittadini e turisti, per sensibilizzare sui temi della tutela del mare e delle coste.<\/p>\n<p style=\"text-align: justify;\">Con la collaborazione di Sperlonga Diving Center e degli enti Comune di Sperlonga, Capitaneria di Porto di Gaeta, Parco regionale Riviera di Ulisse, Croce d&#8217;oro Sud, Sperlonga Turismo e Sperlonga Pescaturismo, l&#8217;evento patrocinato da WWF SUB, sollecita la partecipazione collettiva nell\u2019affermare tematiche cruciali per il futuro del pianeta.<\/p>\n<p style=\"text-align: justify;\">Il 2023 \u00e8 il secondo anno consecutivo nel quale il Porto di Sperlonga riceve la Bandiera Blu Approdi turistici, unico centro del Lazio insieme alla vicina Gaeta. Per l\u2019occasione, il vessillo sar\u00e0 issato l\u201911 giugno in apertura della Giornata, durante il saluto delle istituzioni. Ma il 2023 \u00e8 anche l\u2019anno in cui la societ\u00e0 Porto di Sperlonga ha conseguito la certificazione secondo la norma UNI ISO 45001, la pi\u00f9 importante a livello internazionale in materia di salute e sicurezza dei lavoratori.<\/p>\n<p style=\"text-align: justify;\">Ancora pi\u00f9 significativo, allora, \u00e8 il tema scelto quest\u2019anno dagli organizzatori: &#8220;La bianca sabbia di Sperlonga&#8221; \u00e8 infatti un chiaro richiamo alla necessaria consapevolezza dell\u2019importanza e della fragilit\u00e0 del litorale.<\/p>\n<p style=\"text-align: justify;\">Gli eventi<\/p>\n<p style=\"text-align: justify;\">Il 6 giugno la scrittrice Gigliola Marchisio, autrice de \u2018Le credibili avventure di Roby Robot\u2019 incontra gli studenti alla Scuola Sperlonga insieme allo scrittore Giorgio Anastasio per parlare di cultura del mare.<\/p>\n<p style=\"text-align: justify;\">L&#8217;11 giugno nello splendido scenario del porto di Sperlonga, la Giornata Mondiale degli Oceani proseguir\u00e0 per l\u2019intera giornata con attivit\u00e0 rivolte a bambini e adulti.<\/p>\n<p style=\"text-align: justify;\">Dalle ore 9 si svolgeranno i laboratori scientifici rivolti ai bambini. Luigi Conte e Alessandro Mori, con il solo aiuto di secchiello e paletta, faranno toccare con mano ai ragazzi come avviene la formazione delle spiagge attraverso la sedimentazione, come si formano i fiumi e i laghi dell&#8217;ecosistema dunale e quali specie popolano la costa. Nel corso dell\u2019evento sar\u00e0 distribuito gratuitamente il libro di Gigliola Marchisio.<\/p>\n<p style=\"text-align: justify;\">Alle ore 10, sar\u00e0 issata la Bandiera Blu Approdi Turistici alla presenza delle istituzioni.<\/p>\n<p style=\"text-align: justify;\">La sera, sar\u00e0 la volta di altri ospiti di rilievo. A partire dalle 21 un momento speciale sar\u00e0 dedicato ai 60 anni dalla nascita del Museo Archeologico Nazionale e Area Archeologica di Sperlonga, con la presenza della direttrice Cristiana Ruggini che parler\u00e0 delle attivit\u00e0 del museo. A seguire Enzo Pranzini presenter\u00e0 il libro &#8220;Granelli di sabbia, una guida per camminare sul bordo del mare&#8221;, con gli interventi di Sergio Cappucci dell&#8217;Enea di Latina e di Gabriele Panizzi, ex assessore ai lavori pubblici della Regione Lazio.<\/p>\n<p style=\"text-align: justify;\">Il presidente della Porto di Sperlonga Gabriele La Rocca, nel ringraziare tutti i partecipanti e l\u2019associazione culturale Posidonia, esprime soddisfazione per i progressi fatti fino ad oggi: \u00abPenso sia importante cogliere questa occasione per annunciare che la societ\u00e0 ha ottenuto il certificato per il sistema di gestione per la salute e la sicurezza dei lavoratori, secondo la norma UNI ISO 45001\u00bb.<\/p>\n<p style=\"text-align: justify;\">Segue il commento di Giorgio Anastasio di Posidonia: \u00abDa ragazzo cresciuto tra i pescatori di Sperlonga, \u00e8 con immenso piacere e orgoglio che partecipo al grande impegno che il Porto di Sperlonga dedica alla preservazione dell\u2019ecosistema marino locale\u00bb aggiunge Giorgio Anastasio di Posidonia. Ritengo fondamentale che il Porto associ alle azioni e alle informazioni pi\u00f9 prettamente ecologiche (pulizie dei fondali, convegni scientifici, preservazione dell\u2019ambiente), varie attivit\u00e0 culturali e ludico-scientifiche di sensibilizzazione e coinvolgimento delle future generazioni\u00bb.<\/p>\n<p style=\"text-align: justify;\">Per prenotare le attivit\u00e0 per bambini\u00a0 3286040638.<br \/>\nPer prenotare l&#8217;attivit\u00e0 subacquea di pulizia dei fondali 3317272612.<\/p>\n<p>&nbsp;<\/p>\n","protected":false},"excerpt":{"rendered":"<p>SPERLONGA &#8211; Torna a Sperlonga la \u2018Giornata Mondiale degli Oceani\u2019. Per l\u2019edizione 2023 la societ\u00e0 Porto di Sperlonga srl, guidata dal presidente Gabriele La Rocca, conferma l\u2019adesione all\u2019importante giornata promossa dall\u2019Onu e, insieme all\u2019associazione culturale Posidonia dello scrittore Giorgio Anastasio, organizza una grande manifestazione rivolta a cittadini e turisti, per sensibilizzare sui temi della tutela [&hellip;]<\/p>\n","protected":false},"author":60,"featured_media":0,"comment_status":"open","ping_status":"open","sticky":false,"template":"","format":"standard","meta":{"footnotes":""},"categories":[12],"tags":[],"class_list":["post-330670","post","type-post","status-publish","format-standard","hentry","category-ambiente"],"_links":{"self":[{"href":"https:\/\/www.radioluna.it\/news\/wp-json\/wp\/v2\/posts\/330670","targetHints":{"allow":["GET"]}}],"collection":[{"href":"https:\/\/www.radioluna.it\/news\/wp-json\/wp\/v2\/posts"}],"about":[{"href":"https:\/\/www.radioluna.it\/news\/wp-json\/wp\/v2\/types\/post"}],"author":[{"embeddable":true,"href":"https:\/\/www.radioluna.it\/news\/wp-json\/wp\/v2\/users\/60"}],"replies":[{"embeddable":true,"href":"https:\/\/www.radioluna.it\/news\/wp-json\/wp\/v2\/comments?post=330670"}],"version-history":[{"count":0,"href":"https:\/\/www.radioluna.it\/news\/wp-json\/wp\/v2\/posts\/330670\/revisions"}],"wp:attachment":[{"href":"https:\/\/www.radioluna.it\/news\/wp-json\/wp\/v2\/media?parent=330670"}],"wp:term":[{"taxonomy":"category","embeddable":true,"href":"https:\/\/www.radioluna.it\/news\/wp-json\/wp\/v2\/categories?post=330670"},{"taxonomy":"post_tag","embeddable":true,"href":"https:\/\/www.radioluna.it\/news\/wp-json\/wp\/v2\/tags?post=330670"}],"curies":[{"name":"wp","href":"https:\/\/api.w.org\/{rel}","templated":true}]}}