{"id":330742,"date":"2023-06-06T11:37:52","date_gmt":"2023-06-06T09:37:52","guid":{"rendered":"https:\/\/www.radioluna.it\/news\/?p=330742"},"modified":"2023-06-13T15:28:33","modified_gmt":"2023-06-13T13:28:33","slug":"vaccino-anticovid-19-fra-benefici-ed-effetti-avversi-convegno-a-fondi","status":"publish","type":"post","link":"https:\/\/www.radioluna.it\/news\/2023\/06\/vaccino-anticovid-19-fra-benefici-ed-effetti-avversi-convegno-a-fondi\/","title":{"rendered":"Vaccino Anticovid-19 fra benefici ed effetti avversi: convegno a Fondi"},"content":{"rendered":"<div id=\"fb-root\"><\/div>\n<p style=\"text-align: justify;\"><strong>FONDI &#8211; <\/strong>Parlare del \u201c<strong>Vaccino Anticovid-19 fra benefici ed effetti avversi. L&#8217;esperienza pontina. Focus sul paziente oncologico<\/strong>\u201d. E&#8217; l&#8217;argomento scelto per un convegno che si terr\u00e0 <strong>il 23 giugno a Fondi, a palazzo Caetani (alle 15,30)<\/strong>, organizzato dall&#8217;<strong>Associazione Nazionale Donne Operate al Seno<\/strong> sotto la direzione scientifica del dottor <strong>Luigi Rossi<\/strong> e dell&#8217; avvocato <strong>Renato Mattarelli<\/strong>.<\/p>\n<p style=\"text-align: justify;\">&#8220;Durante l&#8217;evento aperto al pubblico, che potr\u00e0 fare domande direttamente ai relatori, saranno ripercorsi brevemente i drammatici fatti della pandemia per poi concentrarsi sul vaccino anti covid-19, sui suoi indubbi benefici ma anche sugli effetti avversi &#8211; si legge in una nota di presentazione dell&#8217;evento &#8211; . <strong>Saranno esaminati alcuni casi di cittadini pontini con gravi reazioni post-vaccinazione e delle relative tutele giudiziarie in corso<\/strong>. Particolare attenzione sar\u00e0 data al paziente oncologico che pi\u00f9 di tutti gli altri ha subito, prima durante la pandemia il ritardo delle cure per le dovute priorit\u00e0 ai pazienti covid e, dopo, la complessa interazione fra vaccino e sistema immunitario in soggetti fragili&#8221;.<\/p>\n<p style=\"text-align: justify;\">Dopo i saluti delle autorit\u00e0, del sindaco di Fondi Beniamino Maschietto e della direttrice generale della Asl Silvia Cavalli, terranno le loro relazioni l&#8217;infettivologo <strong>Cosmo Del Borgo<\/strong> della Uoc di Malattie Infettive del Goretti; i medici <strong>Luigina Festa e Fabio Ricci<\/strong>, la prima medico di medicina generale, il secondo senologo responsabile della Breast Unit dell&#8217;ospedale di Latina, con il giornalista del Messaggero <strong>Giovanni Del Giaccio<\/strong> e il regista e sceneggiatore <strong>Andrea Zaccariello<\/strong>. Interverranno anche gli avvocati <strong>Renato Mattarelli e Roberta Magnani<\/strong> dello studio Mattarelli &amp; Mezzini e il <strong>Ministero della Salute<\/strong> con l&#8217;avvocato <strong>Roberto Fiorentino<\/strong>, direttore dell&#8217;ufficio risarcimenti della Direzione Generale della Vigilanza e Sicurezza delle Cure. Introdurr\u00e0 Regina Abagnale presidente del comitato ANDOS di Fondi<\/p>\n<p style=\"text-align: justify;\">L&#8217;informazione giornalistica, la pandemia di fake news e il protagonismo televisivo degli scienziati, saranno esaminate alla luce dell&#8217;apparente quiete che sembra arrivata dopo la tempesta pandemica, spiegano ancora gli organizzatori. Il\u00a0regista Zaccariello interverr\u00e0 con estratti da pellicole del cinema dimenticato dedicate all&#8217;argomento dei vaccini.<\/p>\n<p style=\"text-align: justify;\"><strong>IL PROGRAMMA<\/strong> \n\t\t<div class=\"wppdfemb-frame-container-1\" style=\"-webkit-overflow-scrolling:auto;\">\n\t\t\t<iframe class=\"pdfembed-iframe nonfullscreen wppdf-emb-iframe-1\"\n\t\t\t\tsrc=\"https:\/\/www.radioluna.it\/news\/?pdfemb-data=eyJ1cmwiOiJodHRwczpcL1wvd3d3LnJhZGlvbHVuYS5pdFwvbmV3c1wvd3AtY29udGVudFwvdXBsb2Fkc1wvMjAyM1wvMDZcL2xvY2FuZGluYS1jb252ZW5nby1naXVnbm8tMjMucGRmIiwidGl0bGUiOiJsb2NhbmRpbmEgY29udmVuZ28gZ2l1Z25vIDIzIiwiaW5kZXgiOjEsInBkZklEIjozMzA3NDN9\"\n\t\t\t\ttitle=\"locandina convengo giugno 23\"\t\t\t\tdata-pdf-id=\"330743\"\n\t\t\t\tdata-pdf-index=\"1\"\n\t\t\t\tstyle=\"border:none;width:100%;max-width:100%;height:100vh;\"\n\t\t\t\tscrolling=\"yes\">\n\t\t\t<\/iframe>\n\t\t<\/div>\n\n\t\t<\/p>\n","protected":false},"excerpt":{"rendered":"<p>FONDI &#8211; Parlare del \u201cVaccino Anticovid-19 fra benefici ed effetti avversi. L&#8217;esperienza pontina. Focus sul paziente oncologico\u201d. E&#8217; l&#8217;argomento scelto per un convegno che si terr\u00e0 il 23 giugno a Fondi, a palazzo Caetani (alle 15,30), organizzato dall&#8217;Associazione Nazionale Donne Operate al Seno sotto la direzione scientifica del dottor Luigi Rossi e dell&#8217; avvocato Renato [&hellip;]<\/p>\n","protected":false},"author":62,"featured_media":285293,"comment_status":"open","ping_status":"open","sticky":false,"template":"","format":"standard","meta":{"footnotes":""},"categories":[2616],"tags":[],"class_list":["post-330742","post","type-post","status-publish","format-standard","has-post-thumbnail","hentry","category-sanita"],"_links":{"self":[{"href":"https:\/\/www.radioluna.it\/news\/wp-json\/wp\/v2\/posts\/330742","targetHints":{"allow":["GET"]}}],"collection":[{"href":"https:\/\/www.radioluna.it\/news\/wp-json\/wp\/v2\/posts"}],"about":[{"href":"https:\/\/www.radioluna.it\/news\/wp-json\/wp\/v2\/types\/post"}],"author":[{"embeddable":true,"href":"https:\/\/www.radioluna.it\/news\/wp-json\/wp\/v2\/users\/62"}],"replies":[{"embeddable":true,"href":"https:\/\/www.radioluna.it\/news\/wp-json\/wp\/v2\/comments?post=330742"}],"version-history":[{"count":0,"href":"https:\/\/www.radioluna.it\/news\/wp-json\/wp\/v2\/posts\/330742\/revisions"}],"wp:featuredmedia":[{"embeddable":true,"href":"https:\/\/www.radioluna.it\/news\/wp-json\/wp\/v2\/media\/285293"}],"wp:attachment":[{"href":"https:\/\/www.radioluna.it\/news\/wp-json\/wp\/v2\/media?parent=330742"}],"wp:term":[{"taxonomy":"category","embeddable":true,"href":"https:\/\/www.radioluna.it\/news\/wp-json\/wp\/v2\/categories?post=330742"},{"taxonomy":"post_tag","embeddable":true,"href":"https:\/\/www.radioluna.it\/news\/wp-json\/wp\/v2\/tags?post=330742"}],"curies":[{"name":"wp","href":"https:\/\/api.w.org\/{rel}","templated":true}]}}