{"id":331237,"date":"2023-06-13T15:40:30","date_gmt":"2023-06-13T13:40:30","guid":{"rendered":"https:\/\/www.radioluna.it\/news\/?p=331237"},"modified":"2023-07-25T13:31:03","modified_gmt":"2023-07-25T11:31:03","slug":"ivan-vento-riconfermato-segretario-provinciale-dellugl-latina","status":"publish","type":"post","link":"https:\/\/www.radioluna.it\/news\/2023\/06\/ivan-vento-riconfermato-segretario-provinciale-dellugl-latina\/","title":{"rendered":"Ivan Vento riconfermato segretario provinciale dell&#8217;Ugl Latina"},"content":{"rendered":"<div id=\"fb-root\"><\/div>\n<p style=\"text-align: justify;\"><strong>LATINA<\/strong> &#8211; Ivan Vento \u00e8 stato confermato all&#8217;unanimit\u00e0 segretario provinciale Ugl Latina che guider\u00e0 per i prossimi cinque anni. Al congresso che si \u00e8 svolto al circolo cittadino di Latina erano presenti anche i vertici del sindacato, il Segretario Generale Capone e i due vice Ulgiati e Malcotti.<\/p>\n<p style=\"text-align: justify;\">Tra i temi trattati: partecipazione, transizione energetica e digitale, nuovi lavori e formazione, diritti e lotta alle discriminazioni, coesione sociale nel post Covid, inflazione e azioni contro il caro vita.<\/p>\n<p style=\"text-align: justify;\">&#8220;La conferma all&#8217;unanimit\u00e0\u00a0 &#8211; ha commentato Vento &#8211; mi rende orgoglioso ma allo stesso tempo mi carica di responsabilit\u00e0. Ho ribadito il mio impegno a fronte della grande fiducia che mi \u00e8 stata conferita. Siamo cresciuti in questi anni e continueremo a farlo in tutte le categorie, come fatto ad esempio nei comparti salute e PSA partecipate. Obiettivo stare vicino a tutti i lavoratori, cercare di aiutarli all&#8217;interno delle aziende, e diventare il sindacato di riferimento di quante pi\u00f9 persone possibile&#8221;.<\/p>\n<p style=\"text-align: justify;\">Hanno portato il loro saluto durante l&#8217;evento sindacale la neo sindaca di Latina Matilde Celentano,\u00a0 i tre consiglieri regionali Angelo Tripodi, Enrico Tiero, Cosimo Mitrano e l&#8217;europarlamentare Nicola Procaccini.<\/p>\n","protected":false},"excerpt":{"rendered":"<p>LATINA &#8211; Ivan Vento \u00e8 stato confermato all&#8217;unanimit\u00e0 segretario provinciale Ugl Latina che guider\u00e0 per i prossimi cinque anni. Al congresso che si \u00e8 svolto al circolo cittadino di Latina erano presenti anche i vertici del sindacato, il Segretario Generale Capone e i due vice Ulgiati e Malcotti. Tra i temi trattati: partecipazione, transizione energetica [&hellip;]<\/p>\n","protected":false},"author":60,"featured_media":331238,"comment_status":"open","ping_status":"open","sticky":false,"template":"","format":"standard","meta":{"footnotes":""},"categories":[735],"tags":[],"class_list":["post-331237","post","type-post","status-publish","format-standard","has-post-thumbnail","hentry","category-attualita"],"_links":{"self":[{"href":"https:\/\/www.radioluna.it\/news\/wp-json\/wp\/v2\/posts\/331237","targetHints":{"allow":["GET"]}}],"collection":[{"href":"https:\/\/www.radioluna.it\/news\/wp-json\/wp\/v2\/posts"}],"about":[{"href":"https:\/\/www.radioluna.it\/news\/wp-json\/wp\/v2\/types\/post"}],"author":[{"embeddable":true,"href":"https:\/\/www.radioluna.it\/news\/wp-json\/wp\/v2\/users\/60"}],"replies":[{"embeddable":true,"href":"https:\/\/www.radioluna.it\/news\/wp-json\/wp\/v2\/comments?post=331237"}],"version-history":[{"count":0,"href":"https:\/\/www.radioluna.it\/news\/wp-json\/wp\/v2\/posts\/331237\/revisions"}],"wp:featuredmedia":[{"embeddable":true,"href":"https:\/\/www.radioluna.it\/news\/wp-json\/wp\/v2\/media\/331238"}],"wp:attachment":[{"href":"https:\/\/www.radioluna.it\/news\/wp-json\/wp\/v2\/media?parent=331237"}],"wp:term":[{"taxonomy":"category","embeddable":true,"href":"https:\/\/www.radioluna.it\/news\/wp-json\/wp\/v2\/categories?post=331237"},{"taxonomy":"post_tag","embeddable":true,"href":"https:\/\/www.radioluna.it\/news\/wp-json\/wp\/v2\/tags?post=331237"}],"curies":[{"name":"wp","href":"https:\/\/api.w.org\/{rel}","templated":true}]}}