{"id":331558,"date":"2023-06-17T11:12:57","date_gmt":"2023-06-17T09:12:57","guid":{"rendered":"https:\/\/www.radioluna.it\/news\/?p=331558"},"modified":"2023-06-20T11:45:00","modified_gmt":"2023-06-20T09:45:00","slug":"latina-al-via-altre-storie-fine-settimana-di-musica-e-approfondimenti-in-q4-e-q5","status":"publish","type":"post","link":"https:\/\/www.radioluna.it\/news\/2023\/06\/latina-al-via-altre-storie-fine-settimana-di-musica-e-approfondimenti-in-q4-e-q5\/","title":{"rendered":"Latina, al via Altre storie: fine settimana di musica e approfondimenti in Q4 e Q5"},"content":{"rendered":"<div id=\"fb-root\"><\/div>\n<p style=\"text-align: justify;\"><strong>LATINA &#8211;<\/strong> Ha preso il via ieri sera la quarta edizione della rassegna Altre Storie organizzata dall\u2019associazione Quartieri connessi nell\u2019Anfiteatro della Parrocchia di San Luca in Q5 e nel \u00a0Parco Susetta Guerrini in Q4. Ieri sera il taglio del nastro e oggi si prosegue con gli altri appuntamenti previsti per il fine settimana. Alle 20,00 sar\u00e0 la volta dell\u2019approfondimento scientifico con \u201cSapessi che caldo, ai tempi miei!\u201d, un appuntamento con l&#8217;autore Marco Mastroleo. Seguir\u00e0 alle ore 21,00 il concerto dei Grigio Fumo, sette musicisti per entrare nell\u2019universo musicale di Fabrizio De Andr\u00e9, con gli arrangiamenti della storica PFM e qualche adattamento personale.<\/p>\n<p style=\"text-align: justify;\">Poi domani, domenica 18 giugno,\u00a0 alle \u00a020 i Drum Dance &amp; Sing, percussioni danze e canti, un laboratorio di musiche dal mondo e a seguire (alle 20,30) un talk di approfondimento su \u201cIntelligenza emotiva e gestione dei conflitti\u201d a cura di Ferdinando Cedrone; alle ore 21,00, a chiudere questo primo fine settimana nell\u2019anfiteatro della parrocchia di San Luca, Vincenzo Bianchi Quartet, get in a jazz mood!<\/p>\n<p><strong>I DETTAGLI<\/strong><\/p>\n<p><strong>SABATO<\/strong><\/p>\n<p>I Talk di\u00a0Altre\u00a0Storie.<\/p>\n<p>SAPESSI CHE CALDO AI TEMPI MIEI. Ciclicamente la Terra si riscalda, come nell\u2019ultima era interglaciale. Sar\u00e0 vero che stavolta \u00e8 colpa nostra? S\u00ec! Ve lo raccontiamo. Un approfondimento a cura di Marco Mastroleo, archeologo, scrittore e divulgatore scientifico, e del naturalista Emanuele Pantone.<\/p>\n<p>La band GRIGIO FUMO propone e reinterpreta i brani pi\u00f9 ricercati e conosciuti del grande Fabrizio De Andr\u00e9: brani senza tempo spesso rivolti agli ultimi e agli emarginati. Sette musicisti provenienti da mondi diversi, dalla classica al jazz, dal pop al rock, suoneranno i pi\u00f9 bei brani di Faber mantenendo un profondo rispetto per gli arrangiamenti della storica PFM pur con l&#8217;aggiunta di accorgimenti personali. Il viaggio nel mondo di De Andr\u00e9 andr\u00e0 da \u201cFiume Sand Creek\u201d a \u201cBocca di rosa\u201d, da \u201cVolta la carta\u201d a \u201cLa guerra di Piero\u201d, senza tralasciare pezzi come \u201cMaria nella bottega del falegname\u201d o \u201cIl pescatore<\/p>\n<p><strong>DOMENICA<\/strong><\/p>\n<p>DRUMDANCE&amp;SING. Percussioni, danze e canti in un \u201claboratorio\u201d di musiche dal mondo, \u00e8 un &#8220;laboratorio&#8221; diretto da Iordanka Ivanova e con la partecipazione di alcuni musicisti noti sul territorio come Floriana Pinto, voce, Pierluigi Coggio, chitarra e basso, Marco Tasciotti, clarinetto, Fortunato Giardina, percussioni. La scelta stilistica del gruppo ricade sulla musica etnica dal mondo. Sono inclusi brani napoletani, africani, arabi, brasiliani ecc. arrangiati in maniera originale per voci e strumenti, dando per\u00f2 particolare risalto alla sezione percussiva eseguita per scelta prevalentemente dai &#8220;secchi&#8221; che conferisce al gruppo la sua particolarit\u00e0 ed unicit\u00e0 su tutto il territorio Pontino. Il gruppo \u00e8 composto da 15 elementi.<\/p>\n<p>I Talk di\u00a0Altre\u00a0Storie.<\/p>\n<p>Intelligenza emotiva e gestione dei conflitti. A volte l\u2019incapacit\u00e0 di controllare le emozioni porta a conflitti del tutto evitabili. \u00c8 possibile allenare la nostra intelligenza emotiva? A cura di Ferdinando Cedrone, presidente della associazione Quartieri Connessi e formatore della comunicazione efficace.<\/p>\n<p>Vincenzo Bianchi Quartet. Get in a jazz mood!<\/p>\n<p>&nbsp;<\/p>\n<p>Di formazione classica, laureato in didattica della musica, Vincenzo Bianchi si \u00e8 perfezionato studiando jazz e orchestrazione jazz, fino a diventare uno tra i pi\u00f9 noti ed apprezzati musicisti\u00a0 del genere. Ad\u00a0Altre\u00a0Storie\u00a0\u00e8 accompagnato da Marco Malagola alla batteria e Nunzio Sciscione al contrabbasso. Voce del quartetto \u00e8 MariaChiara Bartalesi.<\/p>\n","protected":false},"excerpt":{"rendered":"<p>LATINA &#8211; Ha preso il via ieri sera la quarta edizione della rassegna Altre Storie organizzata dall\u2019associazione Quartieri connessi nell\u2019Anfiteatro della Parrocchia di San Luca in Q5 e nel \u00a0Parco Susetta Guerrini in Q4. Ieri sera il taglio del nastro e oggi si prosegue con gli altri appuntamenti previsti per il fine settimana. Alle 20,00 [&hellip;]<\/p>\n","protected":false},"author":62,"featured_media":0,"comment_status":"open","ping_status":"open","sticky":false,"template":"","format":"standard","meta":{"footnotes":""},"categories":[16],"tags":[],"class_list":["post-331558","post","type-post","status-publish","format-standard","hentry","category-appuntamenti"],"_links":{"self":[{"href":"https:\/\/www.radioluna.it\/news\/wp-json\/wp\/v2\/posts\/331558","targetHints":{"allow":["GET"]}}],"collection":[{"href":"https:\/\/www.radioluna.it\/news\/wp-json\/wp\/v2\/posts"}],"about":[{"href":"https:\/\/www.radioluna.it\/news\/wp-json\/wp\/v2\/types\/post"}],"author":[{"embeddable":true,"href":"https:\/\/www.radioluna.it\/news\/wp-json\/wp\/v2\/users\/62"}],"replies":[{"embeddable":true,"href":"https:\/\/www.radioluna.it\/news\/wp-json\/wp\/v2\/comments?post=331558"}],"version-history":[{"count":0,"href":"https:\/\/www.radioluna.it\/news\/wp-json\/wp\/v2\/posts\/331558\/revisions"}],"wp:attachment":[{"href":"https:\/\/www.radioluna.it\/news\/wp-json\/wp\/v2\/media?parent=331558"}],"wp:term":[{"taxonomy":"category","embeddable":true,"href":"https:\/\/www.radioluna.it\/news\/wp-json\/wp\/v2\/categories?post=331558"},{"taxonomy":"post_tag","embeddable":true,"href":"https:\/\/www.radioluna.it\/news\/wp-json\/wp\/v2\/tags?post=331558"}],"curies":[{"name":"wp","href":"https:\/\/api.w.org\/{rel}","templated":true}]}}