{"id":331565,"date":"2023-06-17T12:11:43","date_gmt":"2023-06-17T10:11:43","guid":{"rendered":"https:\/\/www.radioluna.it\/news\/?p=331565"},"modified":"2023-07-25T13:29:25","modified_gmt":"2023-07-25T11:29:25","slug":"le-ninfee-di-parco-san-marco-sono-uno-spettacolo","status":"publish","type":"post","link":"https:\/\/www.radioluna.it\/news\/2023\/06\/le-ninfee-di-parco-san-marco-sono-uno-spettacolo\/","title":{"rendered":"Le ninfee di Parco San Marco sono uno spettacolo"},"content":{"rendered":"<div id=\"fb-root\"><\/div>\n<p style=\"text-align: justify;\"><strong>LATINA &#8211;<\/strong> Le ninfee di Parco San Marco sono in una forma straordinaria, spettacolari. A distanza di quasi cinque anni dalla donazione fatta alla citt\u00e0 da Valerio La Salvia, imprenditore ed esperto conoscitore di piante acquatiche e di palude, la popolazione si \u00e8 infoltita e ora che \u00e8 cominciata la fioritura, la bellezza si nota ancora di pi\u00f9. Ne godono la vista i tantissimi frequentatori dell&#8217;area verde che ne sono diventati anche sentinelle e i germani reali che nel laghetto hanno trovato il loro ambiente ideale e sono cresciuti in numero.<\/p>\n<p>&nbsp;<\/p>\n","protected":false},"excerpt":{"rendered":"<p>LATINA &#8211; Le ninfee di Parco San Marco sono in una forma straordinaria, spettacolari. A distanza di quasi cinque anni dalla donazione fatta alla citt\u00e0 da Valerio La Salvia, imprenditore ed esperto conoscitore di piante acquatiche e di palude, la popolazione si \u00e8 infoltita e ora che \u00e8 cominciata la fioritura, la bellezza si nota [&hellip;]<\/p>\n","protected":false},"author":62,"featured_media":331567,"comment_status":"open","ping_status":"open","sticky":false,"template":"","format":"gallery","meta":{"footnotes":""},"categories":[12],"tags":[],"class_list":["post-331565","post","type-post","status-publish","format-gallery","has-post-thumbnail","hentry","category-ambiente","post_format-post-format-gallery"],"_links":{"self":[{"href":"https:\/\/www.radioluna.it\/news\/wp-json\/wp\/v2\/posts\/331565","targetHints":{"allow":["GET"]}}],"collection":[{"href":"https:\/\/www.radioluna.it\/news\/wp-json\/wp\/v2\/posts"}],"about":[{"href":"https:\/\/www.radioluna.it\/news\/wp-json\/wp\/v2\/types\/post"}],"author":[{"embeddable":true,"href":"https:\/\/www.radioluna.it\/news\/wp-json\/wp\/v2\/users\/62"}],"replies":[{"embeddable":true,"href":"https:\/\/www.radioluna.it\/news\/wp-json\/wp\/v2\/comments?post=331565"}],"version-history":[{"count":0,"href":"https:\/\/www.radioluna.it\/news\/wp-json\/wp\/v2\/posts\/331565\/revisions"}],"wp:featuredmedia":[{"embeddable":true,"href":"https:\/\/www.radioluna.it\/news\/wp-json\/wp\/v2\/media\/331567"}],"wp:attachment":[{"href":"https:\/\/www.radioluna.it\/news\/wp-json\/wp\/v2\/media?parent=331565"}],"wp:term":[{"taxonomy":"category","embeddable":true,"href":"https:\/\/www.radioluna.it\/news\/wp-json\/wp\/v2\/categories?post=331565"},{"taxonomy":"post_tag","embeddable":true,"href":"https:\/\/www.radioluna.it\/news\/wp-json\/wp\/v2\/tags?post=331565"}],"curies":[{"name":"wp","href":"https:\/\/api.w.org\/{rel}","templated":true}]}}