{"id":331641,"date":"2023-06-24T12:28:17","date_gmt":"2023-06-24T10:28:17","guid":{"rendered":"https:\/\/www.radioluna.it\/news\/?p=331641"},"modified":"2023-06-26T07:57:31","modified_gmt":"2023-06-26T05:57:31","slug":"in-corsa-libera-in-arrivo-notturna-olim-palus-e-frasso-run","status":"publish","type":"post","link":"https:\/\/www.radioluna.it\/news\/2023\/06\/in-corsa-libera-in-arrivo-notturna-olim-palus-e-frasso-run\/","title":{"rendered":"In Corsa Libera,  a Latina si corre la Notturna Olim Palus"},"content":{"rendered":"<div id=\"fb-root\"><\/div>\n<p><strong>LATINA &#8211;<\/strong> In arrivo un bis di competizioni per il circuito podistico Opes &#8220;In Corsa Libera&#8221;. A farsi largo tra le gare di giugno, la &#8220;Notturna Olim Palus&#8221; di sabato 24 e la &#8220;Frasso Run&#8221; in programma domenica 25.<\/p>\n<p>La tappa numero dieci si terr\u00e0 a Latina, che torna a colorarsi con la Notturna Olim Palus \u2013 Memorial Roberto Lazzeri, arrivata alla sua undicesima edizione. Gara agonistica di 9 chilometri (3 giri da 3 chilometri), si corre per le vie del centro, su strada, in un percorso piatto e veloce. L&#8217;evento, patrocinato dal Comune di Latina \u00e8 organizzato dall\u2019APD Olim Palus, del presidente Enrico Barbini che commenta: \u201c\u00c8 un modo diverso di vivere il centro citt\u00e0, che non abbiamo mai modo di apprezzare presi dalla quotidianit\u00e0. Sin da adesso ringrazio la macchina organizzativa, tutto lo staff e i volontari, che si mettono a disposizione per l\u2019evento. Un pensiero al nostro amico Adriano Salvato, che era un punto di forza dell\u2019organizzazione&#8221;.<\/p>\n<p>Il raduno \u00e8 dalle 19 in Piazza del Popolo, con partenza alle 21. A seguire le strade interessate dal percorso sono: via Diaz, Piazza della Libert\u00e0, via Costa, Largo Rossini, viale Umberto I, via Leonardi, via Don Minzoni, via Malta, Piazza della Libert\u00e0, via Don Morosini, via Oberdan, Corso della Repubblica, via Battisti, via Rattazzi, via Emanuele Filiberto, Piazza del Popolo, via Duca del Mare, viale IV Novembre, via Padre Giuliani, Piazza San Marco, via Sisto V, Via Cialdini, Corso della Repubblica, arrivo in Piazza del Popolo.\u00a0Quest&#8217;ultima si trasformer\u00e0 in un villaggio sportivo, colorito e animato, centro di attrazione per i cittadini, che tradizionalmente seguono la gara incitando i podisti. Nell\u2019ambito della serata, si rinnova il contest del progetto da \u201cDa 0 a 10 km\u201d di avviamento al running, promosso da Maione Store e Tabella Falcone, giunto al suo sesto anno consecutivo.\u00a0Le iscrizioni sono aperte fino a gioved\u00ec 22 giugno ore 20, presso il Maione Store, in via Tiziano 13 a Latina, oppure online. Pacco\u00a0garantito ai primi 350 iscritti. Per info email: apdolimpalus@gmail.com.<\/p>\n<p>Domenica 25 giugno sar\u00e0 invece la volta della tappa numero undici del circuito, ovvero la Frasso Run patrocinata dai Comuni di Sonnino e Terracina. Un evento che si terr\u00e0 in localit\u00e0 Frasso a Sonnino (LT) e che si svolger\u00e0 in concomitanza con i festeggiamenti di Sant&#8217;Antonio di Padova al Frasso.<\/p>\n<p>L&#8217;organizzazione \u00e8 a cura della asd Pipparunners che con slogan divertenti annuncia quello che rappresenter\u00e0 l&#8217;ultimo appuntamento organizzato dalla societ\u00e0 dopo dodici anni di carriera. &#8220;Pipparunners \u00e8 lieta di invitarti all&#8217;ultimo evento della nostra carriera &#8211; commentano &#8211; chiudiamo in bellezza&#8221;.<\/p>\n<p>Una corsa impegnativa su percorso asfaltato di 9,5 km con ritrovo alle ore 15.30 in Piazza della Pace &#8211; Frasso &#8211; Sonnino. La gara comincer\u00e0 alle ore 17.00. Al termine, ricco ristoro finale. Saranno accettati massimo 200 atleti. Dalle\u00a018.30 in poi, al via le premiazioni garantite per tutti. Con la sagra del paese inoltre, sar\u00e0 l&#8217;occasione per trascorrere una serata divertente per tutta la famiglia. Per maggiori informazioni contattare il numero 3898373588 &#8211;\u00a0Vincenzo.<\/p>\n","protected":false},"excerpt":{"rendered":"<p>LATINA &#8211; In arrivo un bis di competizioni per il circuito podistico Opes &#8220;In Corsa Libera&#8221;. A farsi largo tra le gare di giugno, la &#8220;Notturna Olim Palus&#8221; di sabato 24 e la &#8220;Frasso Run&#8221; in programma domenica 25. La tappa numero dieci si terr\u00e0 a Latina, che torna a colorarsi con la Notturna Olim [&hellip;]<\/p>\n","protected":false},"author":5430,"featured_media":0,"comment_status":"open","ping_status":"open","sticky":false,"template":"","format":"standard","meta":{"footnotes":""},"categories":[17],"tags":[],"class_list":["post-331641","post","type-post","status-publish","format-standard","hentry","category-sport"],"_links":{"self":[{"href":"https:\/\/www.radioluna.it\/news\/wp-json\/wp\/v2\/posts\/331641","targetHints":{"allow":["GET"]}}],"collection":[{"href":"https:\/\/www.radioluna.it\/news\/wp-json\/wp\/v2\/posts"}],"about":[{"href":"https:\/\/www.radioluna.it\/news\/wp-json\/wp\/v2\/types\/post"}],"author":[{"embeddable":true,"href":"https:\/\/www.radioluna.it\/news\/wp-json\/wp\/v2\/users\/5430"}],"replies":[{"embeddable":true,"href":"https:\/\/www.radioluna.it\/news\/wp-json\/wp\/v2\/comments?post=331641"}],"version-history":[{"count":0,"href":"https:\/\/www.radioluna.it\/news\/wp-json\/wp\/v2\/posts\/331641\/revisions"}],"wp:attachment":[{"href":"https:\/\/www.radioluna.it\/news\/wp-json\/wp\/v2\/media?parent=331641"}],"wp:term":[{"taxonomy":"category","embeddable":true,"href":"https:\/\/www.radioluna.it\/news\/wp-json\/wp\/v2\/categories?post=331641"},{"taxonomy":"post_tag","embeddable":true,"href":"https:\/\/www.radioluna.it\/news\/wp-json\/wp\/v2\/tags?post=331641"}],"curies":[{"name":"wp","href":"https:\/\/api.w.org\/{rel}","templated":true}]}}