{"id":331701,"date":"2023-06-20T10:36:40","date_gmt":"2023-06-20T08:36:40","guid":{"rendered":"https:\/\/www.radioluna.it\/news\/?p=331701"},"modified":"2023-07-25T13:31:41","modified_gmt":"2023-07-25T11:31:41","slug":"gita-al-faro-a-ventotene-torna-il-festival-letterario","status":"publish","type":"post","link":"https:\/\/www.radioluna.it\/news\/2023\/06\/gita-al-faro-a-ventotene-torna-il-festival-letterario\/","title":{"rendered":"Gita al Faro, a Ventotene torna il Festival Letterario"},"content":{"rendered":"<div id=\"fb-root\"><\/div>\n<p style=\"text-align: justify;\"><strong>VENTOTENE &#8211;<\/strong> Si svolger\u00e0 dal 21 al 24 giugno la prossima edizione del Festival Letterario di Ventotene Gita al faro (il cui titolo trae ispirazione dall\u2019omonimo romanzo di Virginia Woolf), diretto da Loredana Lipperini, ideato e organizzato da Francesca Mancini, Laura Pesino e Vania Ribeca, promosso dall\u2019 Associazione per Santo Stefano in Ventotene Onlus, in collaborazione con la Libreria Ultima Spiaggia, con il patrocinio del Comune di Ventotene. Partner del festival Intesa Sanpaolo.<br \/>\nSei gli ospiti di questa edizione, Donatella Di Pietrantonio (Einaudi), Federica Manzon, (Aboca Edizioni), Monica Acito, (Bompiani), Giosu\u00e8 Calaciura (Sellerio), Chiara Gamberale, (Salani), Vera Gheno, (Rizzoli).<br \/>\nDurante la loro permanenza le scrittrici e gli scrittori avranno la possibilit\u00e0 di scoprire l\u2019isola ed in particolar modo il carcere borbonico di Santo Stefano, di partecipare ad incontri serali di mercoled\u00ec, gioved\u00ec e venerd\u00ec aperti al pubblico, coordinati da Loredana Lipperini presso la libreria Ultima Spiaggia e di dedicarsi alla stesura di un racconto ispirato alle isole di Ventotene e Santo Stefano. Il festival si concluder\u00e0 con la serata di reading degli inediti, sabato 24 giugno, accompagnati dalle musiche originali del pianista Andrea Ceccarelli. I racconti saranno poi pubblicati dalla casa editrice Ultima Spiaggia di Ventotene.<br \/>\n\u201cC\u2019\u00e8, arrivando, in un\u2019isola, qualunque siano i motivi che sull\u2019isola ci portano, una sensazione di separatezza. A volte la separazione \u00e8 voluta e liberatoria, altre, come la storia di Ventotene insegna, \u00e8 dolorosa e forzata. In dieci anni di Gita al Faro, non \u00e8 mai avvenuto. Gita al faro non \u00e8 un festival come gli altri. Quando, dieci anni fa, Lidia Ravera ebbe l&#8217;idea di chiamare a raccolta otto scrittori a Ventotene, si cap\u00ec subito che Gita al faro non avrebbe proposto semplicemente presentazioni di libri e conversazioni con i villeggianti. A Gita al Faro c&#8217;\u00e8 soprattutto l&#8217;idea del dono. Un dono che l&#8217;isola fa a chi scrive, restituendogli la solitudine e la bellezza di sette giorni in cui si \u00e8 chiamati soltanto a osservare, respirare, e restituire. Un dono che gli scrittori fanno all&#8217;isola, nel racconto finale che viene letto con il faro alle spalle. Un dono che viene dalla lunga storia di Ventotene da dove nasce molta parte della storia dell\u2019Italia e dell\u2019Europa: e che riceviamo e proviamo a rilanciare, perch\u00e9 noi di Gita al Faro continuiamo a pensare che la letteratura abbia un ruolo non secondario, non trascurabile, non marginale come troppo spesso si ripete, non solo nell\u2019osservazione e restituzione della realt\u00e0, ma nella costruzione di una realt\u00e0 migliore.\u201d Loredana Lipperini, direttrice artistica Un focus particolare \u00e8 dedicato al settecentesco carcere borbonico di Santo Stefano, per la cui salvaguardia l\u2019Associazione per Santo Stefano in Ventotene Onlus, promotrice del festival, \u00e8 impegnata da anni. Verr\u00e0 infatti presentato sabato 24 giugno alle 19 Novantanove Celle L\u2019ergastolo di Santo Stefano in Ventotene di Pier Vittorio Buffa e Anthony Santilli, primo volume della collana dedicata a Santo Stefano, edito da Ultima Spiaggia in collaborazione con l\u2019Associazione per Santo Stefano in Ventotene Onlus.<\/p>\n","protected":false},"excerpt":{"rendered":"<p>VENTOTENE &#8211; Si svolger\u00e0 dal 21 al 24 giugno la prossima edizione del Festival Letterario di Ventotene Gita al faro (il cui titolo trae ispirazione dall\u2019omonimo romanzo di Virginia Woolf), diretto da Loredana Lipperini, ideato e organizzato da Francesca Mancini, Laura Pesino e Vania Ribeca, promosso dall\u2019 Associazione per Santo Stefano in Ventotene Onlus, in [&hellip;]<\/p>\n","protected":false},"author":60,"featured_media":0,"comment_status":"open","ping_status":"open","sticky":false,"template":"","format":"standard","meta":{"footnotes":""},"categories":[16],"tags":[],"class_list":["post-331701","post","type-post","status-publish","format-standard","hentry","category-appuntamenti"],"_links":{"self":[{"href":"https:\/\/www.radioluna.it\/news\/wp-json\/wp\/v2\/posts\/331701","targetHints":{"allow":["GET"]}}],"collection":[{"href":"https:\/\/www.radioluna.it\/news\/wp-json\/wp\/v2\/posts"}],"about":[{"href":"https:\/\/www.radioluna.it\/news\/wp-json\/wp\/v2\/types\/post"}],"author":[{"embeddable":true,"href":"https:\/\/www.radioluna.it\/news\/wp-json\/wp\/v2\/users\/60"}],"replies":[{"embeddable":true,"href":"https:\/\/www.radioluna.it\/news\/wp-json\/wp\/v2\/comments?post=331701"}],"version-history":[{"count":0,"href":"https:\/\/www.radioluna.it\/news\/wp-json\/wp\/v2\/posts\/331701\/revisions"}],"wp:attachment":[{"href":"https:\/\/www.radioluna.it\/news\/wp-json\/wp\/v2\/media?parent=331701"}],"wp:term":[{"taxonomy":"category","embeddable":true,"href":"https:\/\/www.radioluna.it\/news\/wp-json\/wp\/v2\/categories?post=331701"},{"taxonomy":"post_tag","embeddable":true,"href":"https:\/\/www.radioluna.it\/news\/wp-json\/wp\/v2\/tags?post=331701"}],"curies":[{"name":"wp","href":"https:\/\/api.w.org\/{rel}","templated":true}]}}