{"id":331858,"date":"2023-06-23T09:15:40","date_gmt":"2023-06-23T07:15:40","guid":{"rendered":"https:\/\/www.radioluna.it\/news\/?p=331858"},"modified":"2023-07-17T09:14:27","modified_gmt":"2023-07-17T07:14:27","slug":"a-cori-il-palio-madonna-del-soccorso-i-cavalieri-dei-tre-rioni-in-sfida-per-il-drappo","status":"publish","type":"post","link":"https:\/\/www.radioluna.it\/news\/2023\/06\/a-cori-il-palio-madonna-del-soccorso-i-cavalieri-dei-tre-rioni-in-sfida-per-il-drappo\/","title":{"rendered":"A Cori il Palio Madonna del Soccorso, i cavalieri dei tre Rioni in sfida per il drappo"},"content":{"rendered":"<div id=\"fb-root\"><\/div>\n<p style=\"text-align: justify;\"><b>CORI &#8211; <\/b>\u00a0Dopo la cerimonia del Giuramento dei Priori, il <strong>Carosello Storico dei Rioni di Cori<\/strong> entra nel vivo e <strong>domenica 25 giugno<\/strong> alle 18 il <strong>Palio Madonna del Soccorso 36\u00b0 edizione<\/strong> accender\u00e0 di nuovo la sfida fra i tre rioni coresi. I cavalieri di <strong>Porta Romana, Porta Signina e Porta Ninfina<\/strong> si daranno battaglia sul campo di gara allestito a Cori monte. In sella ai loro destrieri dovranno dare il meglio per infilare, con il loro pugnale di legno, il maggior numero di anelli appesi a una staggia di ferro. Chi prevarr\u00e0 sugli avversari, regaler\u00e0 alla sua Porta il palio, cio\u00e8 <strong>il drappo<\/strong> oggetto della contesa, quest\u2019anno <strong>opera del Maestro Patrizio Marafini<\/strong>.<\/p>\n<p style=\"text-align: justify;\">\u201cSin dalla nascita nel 1937, Cori si identifica con il Carosello Storico e viceversa \u2013 afferma il sindaco di Cori, Mauro De Lillis \u2013. Si tratta della principale manifestazione storica di questa citt\u00e0, tra le pi\u00f9 antiche del Lazio, che riesce a coinvolgere tutti i cittadini, dai pi\u00f9 piccoli agli anziani. Dobbiamo essere orgogliosi di questo nostro patrimonio\u201d.<\/p>\n<p style=\"text-align: justify;\"><strong>IL DRAPPO<\/strong> &#8211; Il drappo\u00a0 &#8211; spiega in una nota il Comune &#8211; &#8220;ritrae una figura femminile avvolta in un manto blu tempestato di stelle in una rielaborazione della Madonna della Ginestra che con la sua atemporalit\u00e0 si fa racconto: una ricostruzione visiva che riaffiora dalla memoria degli affreschi osservati e studiati in et\u00e0 adolescenziale dall\u2019autore nelle diverse chiese di Cori. Al centro dell\u2019opera la figura gentile sorregge su un morbido cuscino verde, in atteggiamento di cura ma anche di offerta, un globo azzurro-cobalto, illuminato dalla luna e da astri, un simbolismo che caratterizza i temi pittorici pi\u00f9 familiari all\u2019autore in questo periodo; inoltre, ci consegna un modello iconografico ampiamente proposto nel Cinquecento, quello del dominio del divino sull\u2019universo. Nella parte superiore, riccamente decorata, protagonisti sono i fiori, elemento ornamentale che richiama la mantilla ornata di foglie, fiori e gioielli. Fiori ed elementi decorativi ispirati alla natura costituiscono uno stilema ricorrente nell\u2019arte, sia in quella pagana che in quella cristiana, e sono spesso associati a figure femminili. La parte bassa del palio accoglie, tra la morbidezza delle pieghe della veste, i simboli della preghiera e della luce divina, quest\u2019ultima evocata dal riferimento iconografico della candela dipinta nella Cappella dell\u2019Annunziata in un punto nascosto dell\u2019affresco dell\u2019Annunciazione; una candela accesa che evoca il senso stesso della vocazione del cristiano, il suo essere figlio di Dio e luce nel mondo&#8221;.<\/p>\n<p style=\"text-align: justify;\">Il Palio Madonna del Soccorso \u00e8 dunque un omaggio alla grande tradizione pittorica italiana di cui anche Cori conserva pregevoli testimonianze, ma vi serpeggia anche il tema della cura della terra e della bellezza della natura.<\/p>\n<p style=\"text-align: justify;\"><strong>IL CORTEO STORICO<\/strong> &#8211; Prima, per\u00f2, della lotta all\u2019ultimo anello per la conquista del palio, ad aprire la manifestazione sar\u00e0 il corteo storico che partir\u00e0 alle 16 da piazza della Croce a Cori valle. Centinaia di figuranti in costumi rinascimentali risaliranno lungo le strade della Cori antica fino a raggiungere piazza Signina.<\/p>\n<p style=\"text-align: justify;\"><strong>LE CENE PROPIZIATORIE-<\/strong> La vigilia di questa intensa domenica sar\u00e0 come sempre caratterizzata da un&#8217;altra tradizione consolidata, quella delle cene propiziatorie. <strong>Sabato 24 giugno<\/strong> i contradaioli si ritroveranno nelle rispettive<strong> taverne rionali<\/strong>, insieme ai costumanti e ai cavalieri. Tra canti, balli, prodotti tipici e spettacolo, si tenter\u00e0 di esorcizzare i timori e propiziarsi i favori della sorte per la sfida del giorno seguente.<\/p>\n<p style=\"text-align: justify;\">\u201cIl Carosello Storico \u2013 sottolinea\u00a0 Maria Teresa Luciani \u2013 \u00e8 la \u201cvetrina\u201d con la quale Cori presenta ai suoi visitatori le tradizioni legate a questo territorio, in esso rivive ogni anno il sapore antico della disputa tra i tre rioni della citt\u00e0. Una grande festa popolare di cui i contradaioli sono protagonisti\u201d.<\/p>\n<p style=\"text-align: justify;\">Il Palio sar\u00e0 trasmesso in diretta sulla pagina facebook del Carosello Storico dei Rioni di Cori dalle 18:00.<\/p>\n<p style=\"text-align: justify;\">\n<p><b><\/b><\/p>\n","protected":false},"excerpt":{"rendered":"<p>CORI &#8211; \u00a0Dopo la cerimonia del Giuramento dei Priori, il Carosello Storico dei Rioni di Cori entra nel vivo e domenica 25 giugno alle 18 il Palio Madonna del Soccorso 36\u00b0 edizione accender\u00e0 di nuovo la sfida fra i tre rioni coresi. I cavalieri di Porta Romana, Porta Signina e Porta Ninfina si daranno battaglia [&hellip;]<\/p>\n","protected":false},"author":62,"featured_media":331860,"comment_status":"open","ping_status":"open","sticky":false,"template":"","format":"gallery","meta":{"footnotes":""},"categories":[16],"tags":[],"class_list":["post-331858","post","type-post","status-publish","format-gallery","has-post-thumbnail","hentry","category-appuntamenti","post_format-post-format-gallery"],"_links":{"self":[{"href":"https:\/\/www.radioluna.it\/news\/wp-json\/wp\/v2\/posts\/331858","targetHints":{"allow":["GET"]}}],"collection":[{"href":"https:\/\/www.radioluna.it\/news\/wp-json\/wp\/v2\/posts"}],"about":[{"href":"https:\/\/www.radioluna.it\/news\/wp-json\/wp\/v2\/types\/post"}],"author":[{"embeddable":true,"href":"https:\/\/www.radioluna.it\/news\/wp-json\/wp\/v2\/users\/62"}],"replies":[{"embeddable":true,"href":"https:\/\/www.radioluna.it\/news\/wp-json\/wp\/v2\/comments?post=331858"}],"version-history":[{"count":0,"href":"https:\/\/www.radioluna.it\/news\/wp-json\/wp\/v2\/posts\/331858\/revisions"}],"wp:featuredmedia":[{"embeddable":true,"href":"https:\/\/www.radioluna.it\/news\/wp-json\/wp\/v2\/media\/331860"}],"wp:attachment":[{"href":"https:\/\/www.radioluna.it\/news\/wp-json\/wp\/v2\/media?parent=331858"}],"wp:term":[{"taxonomy":"category","embeddable":true,"href":"https:\/\/www.radioluna.it\/news\/wp-json\/wp\/v2\/categories?post=331858"},{"taxonomy":"post_tag","embeddable":true,"href":"https:\/\/www.radioluna.it\/news\/wp-json\/wp\/v2\/tags?post=331858"}],"curies":[{"name":"wp","href":"https:\/\/api.w.org\/{rel}","templated":true}]}}