{"id":331962,"date":"2023-06-24T10:28:20","date_gmt":"2023-06-24T08:28:20","guid":{"rendered":"https:\/\/www.radioluna.it\/news\/?p=331962"},"modified":"2023-07-06T13:27:58","modified_gmt":"2023-07-06T11:27:58","slug":"lartista-rosario-calabrese-da-susi-hub-con-anche-i-fiori-sono-neri-di-notte","status":"publish","type":"post","link":"https:\/\/www.radioluna.it\/news\/2023\/06\/lartista-rosario-calabrese-da-susi-hub-con-anche-i-fiori-sono-neri-di-notte\/","title":{"rendered":"L&#8217;artista Rosario Calabrese da Susi Hub con &#8220;anche i fiori sono neri di notte&#8221;"},"content":{"rendered":"<div id=\"fb-root\"><\/div>\n<p style=\"text-align: justify;\"><strong>LATINA<\/strong> &#8211;\u00a0 Prosegue con la mostra di Rosario Calabrese dal titolo &#8220;anche i fiori sono neri di notte&#8221; , il cartellone d&#8217;arte di Susi Hub. Sabato 24 giugno, dalle 19:30 alle 22:00, negli spazi\u00a0 della galleria in Corso della Repubblica a Latina, Ilaria Monti porta il nuovo progetto dell&#8217;artista siciliano e ne spiega l&#8217;origine: &#8220;Prende le mosse da una fascinazione florale, ed \u00e8 costituito da un ciclo di opere su carta dedicate ad oltre trenta specie diverse tra fiori e piante, raccolte come in un personale erbario che riflette e asseconda ritmi stagionali e quotidiani. L&#8217;atmosfera notturna \u00e8 centrale nella ricerca dell\u2019artista, che qui si misura esclusivamente con il regno botanico, come suggerisce il titolo della mostra: anche i fiori sono neri di notte. L\u2019espressione \u00e8 presa in prestito da Diario di un ladro (1949) dello scrittore francese Jean Genet, trovata da Calabrese tra le pagine del romanzo e poi riportata nell\u2019opera omonima da cui tutta la serie ha inizio&#8221;.<\/p>\n<p style=\"text-align: justify;\">La mostra sar\u00e0 visitabile fino al 22 luglio.<\/p>\n<p style=\"text-align: justify;\">CHI E&#8217;\u00a0 &#8211; Rosario Calabrese (Modica, Sicilia, 1995), vive e lavora a Torino. La sua ricer\u00adca si basa sulla relazione tra due regole grammaticali fondamentali del linguaggio pittorico, quali la figu\u00adrazione e la monocromia, prediletta nei toni del blu come rimando alla dimensione onirica e notturna. Tra le mostre pi\u00f9 recenti: Metamorfosi, Complesso del Baraccano, Bologna, 2022; Abbiamo invitato un po\u2019 di artisti nello spazio, Osservatorio Futura, Torino, 2021; Supersacca; Sacca Gallery, Pozzallo, 2020; Immaginare il futuro. Arte e sostenibilit\u00e0, Pinacoteca Albertina, Torino, 2018; I ragazzi di citt\u00e0 intelligenti non dipingono, con Dario Nan\u00ec, Movimento culturale V. Brancati, Scicli, 2018; (s\/t + i\/m) x generazioni, Palazzo della Cultura, Catania, 2018.<\/p>\n<p style=\"text-align: justify;\">\n<p style=\"text-align: justify;\">\n<p>&nbsp;<\/p>\n<p>&nbsp;<\/p>\n","protected":false},"excerpt":{"rendered":"<p>LATINA &#8211;\u00a0 Prosegue con la mostra di Rosario Calabrese dal titolo &#8220;anche i fiori sono neri di notte&#8221; , il cartellone d&#8217;arte di Susi Hub. Sabato 24 giugno, dalle 19:30 alle 22:00, negli spazi\u00a0 della galleria in Corso della Repubblica a Latina, Ilaria Monti porta il nuovo progetto dell&#8217;artista siciliano e ne spiega l&#8217;origine: &#8220;Prende [&hellip;]<\/p>\n","protected":false},"author":62,"featured_media":331963,"comment_status":"open","ping_status":"open","sticky":false,"template":"","format":"standard","meta":{"footnotes":""},"categories":[16],"tags":[],"class_list":["post-331962","post","type-post","status-publish","format-standard","has-post-thumbnail","hentry","category-appuntamenti"],"_links":{"self":[{"href":"https:\/\/www.radioluna.it\/news\/wp-json\/wp\/v2\/posts\/331962","targetHints":{"allow":["GET"]}}],"collection":[{"href":"https:\/\/www.radioluna.it\/news\/wp-json\/wp\/v2\/posts"}],"about":[{"href":"https:\/\/www.radioluna.it\/news\/wp-json\/wp\/v2\/types\/post"}],"author":[{"embeddable":true,"href":"https:\/\/www.radioluna.it\/news\/wp-json\/wp\/v2\/users\/62"}],"replies":[{"embeddable":true,"href":"https:\/\/www.radioluna.it\/news\/wp-json\/wp\/v2\/comments?post=331962"}],"version-history":[{"count":0,"href":"https:\/\/www.radioluna.it\/news\/wp-json\/wp\/v2\/posts\/331962\/revisions"}],"wp:featuredmedia":[{"embeddable":true,"href":"https:\/\/www.radioluna.it\/news\/wp-json\/wp\/v2\/media\/331963"}],"wp:attachment":[{"href":"https:\/\/www.radioluna.it\/news\/wp-json\/wp\/v2\/media?parent=331962"}],"wp:term":[{"taxonomy":"category","embeddable":true,"href":"https:\/\/www.radioluna.it\/news\/wp-json\/wp\/v2\/categories?post=331962"},{"taxonomy":"post_tag","embeddable":true,"href":"https:\/\/www.radioluna.it\/news\/wp-json\/wp\/v2\/tags?post=331962"}],"curies":[{"name":"wp","href":"https:\/\/api.w.org\/{rel}","templated":true}]}}