{"id":331971,"date":"2023-06-24T13:10:38","date_gmt":"2023-06-24T11:10:38","guid":{"rendered":"https:\/\/www.radioluna.it\/news\/?p=331971"},"modified":"2023-06-24T13:41:31","modified_gmt":"2023-06-24T11:41:31","slug":"via-massaro-senza-luce-il-comune-problema-causato-dal-furto-di-un-cavo","status":"publish","type":"post","link":"https:\/\/www.radioluna.it\/news\/2023\/06\/via-massaro-senza-luce-il-comune-problema-causato-dal-furto-di-un-cavo\/","title":{"rendered":"Via Massaro senza luce, il Comune: &#8220;Problema causato dal furto di un cavo&#8221;"},"content":{"rendered":"<div id=\"fb-root\"><\/div>\n<p><strong>LATINA\u00a0<\/strong> &#8211; L\u2019impianto di pubblica illuminazione di via Massaro a Latina Lido \u00e8 stato oggetto del furto di un cavo elettrico e la Societ\u00e0 Conversion &amp; Lighting S.r.l ha comunicato la necessit\u00e0 di porre in essere interventi di manutenzione relativi all\u2019inserimento delle componenti rubate. Ecco il perch\u00e9 del black out che aveva fatto lamentare i residenti.<\/p>\n<p>&#8220;Con una determina dirigenziale il Comune di Latina ha approvato gli interventi di sostituzione dei corpi illuminanti presso il lungomare di Latina e l\u2019inserimento del cavo elettrico sull\u2019impianto di pubblica illuminazione di via Massaro, oggetto di furto, necessari per ripristinare la corretta funzionalit\u00e0 degli impianti e garantire la sicurezza pubblica&#8221;, si legge in una nota del Comune.<\/p>\n<p>\u201cNei prossimi giorni \u2013 ha dichiarato il vicesindaco e assessore con delega alle Manutenzioni Massimiliano Carnevale &#8211; il lungomare di Latina sar\u00e0 oggetto della sostituzione dei corpi illuminanti per migliorare il servizio di pubblica illuminazione, anche a servizio della sicurezza dei cittadini e dei turisti che frequentano la zona nella stagione estiva\u201d.<\/p>\n","protected":false},"excerpt":{"rendered":"<p>LATINA\u00a0 &#8211; L\u2019impianto di pubblica illuminazione di via Massaro a Latina Lido \u00e8 stato oggetto del furto di un cavo elettrico e la Societ\u00e0 Conversion &amp; Lighting S.r.l ha comunicato la necessit\u00e0 di porre in essere interventi di manutenzione relativi all\u2019inserimento delle componenti rubate. Ecco il perch\u00e9 del black out che aveva fatto lamentare i [&hellip;]<\/p>\n","protected":false},"author":60,"featured_media":330527,"comment_status":"open","ping_status":"open","sticky":false,"template":"","format":"standard","meta":{"footnotes":""},"categories":[8],"tags":[],"class_list":["post-331971","post","type-post","status-publish","format-standard","has-post-thumbnail","hentry","category-politica"],"_links":{"self":[{"href":"https:\/\/www.radioluna.it\/news\/wp-json\/wp\/v2\/posts\/331971","targetHints":{"allow":["GET"]}}],"collection":[{"href":"https:\/\/www.radioluna.it\/news\/wp-json\/wp\/v2\/posts"}],"about":[{"href":"https:\/\/www.radioluna.it\/news\/wp-json\/wp\/v2\/types\/post"}],"author":[{"embeddable":true,"href":"https:\/\/www.radioluna.it\/news\/wp-json\/wp\/v2\/users\/60"}],"replies":[{"embeddable":true,"href":"https:\/\/www.radioluna.it\/news\/wp-json\/wp\/v2\/comments?post=331971"}],"version-history":[{"count":0,"href":"https:\/\/www.radioluna.it\/news\/wp-json\/wp\/v2\/posts\/331971\/revisions"}],"wp:featuredmedia":[{"embeddable":true,"href":"https:\/\/www.radioluna.it\/news\/wp-json\/wp\/v2\/media\/330527"}],"wp:attachment":[{"href":"https:\/\/www.radioluna.it\/news\/wp-json\/wp\/v2\/media?parent=331971"}],"wp:term":[{"taxonomy":"category","embeddable":true,"href":"https:\/\/www.radioluna.it\/news\/wp-json\/wp\/v2\/categories?post=331971"},{"taxonomy":"post_tag","embeddable":true,"href":"https:\/\/www.radioluna.it\/news\/wp-json\/wp\/v2\/tags?post=331971"}],"curies":[{"name":"wp","href":"https:\/\/api.w.org\/{rel}","templated":true}]}}