{"id":334126,"date":"2023-08-01T08:35:20","date_gmt":"2023-08-01T06:35:20","guid":{"rendered":"https:\/\/www.radioluna.it\/news\/?p=334126"},"modified":"2023-09-14T14:31:47","modified_gmt":"2023-09-14T12:31:47","slug":"plasticfree-2023-fa-tappa-a-gaeta","status":"publish","type":"post","link":"https:\/\/www.radioluna.it\/news\/2023\/08\/plasticfree-2023-fa-tappa-a-gaeta\/","title":{"rendered":"#PlasticFree 2023 fa tappa a Gaeta"},"content":{"rendered":"<div id=\"fb-root\"><\/div>\n<p style=\"text-align: justify;\"><strong>GAETA &#8211;<\/strong> Dopo il lancio della XIII edizione a San Benedetto del Tronto, nelle Marche, \u00e8 iniziato il tour lungo le coste italiane di Mediterraneo da remare #PlasticFree 2023. Ieri, luned\u00ec 31 luglio, la campagna itinerante promossa dalla Fondazione UniVerde, in collaborazione con Marevivo e con l\u2019adesione del Corpo delle Capitanerie di Porto \u2013 Guardia Costiera, ha fatto tappa a Gaeta, perla del Mar Tirreno con le sue spiagge premiate con la Bandiera Blu, presso il ITS Academy Fondazione G. Caboto. La tappa \u00e8 stata organizzata in collaborazione con la Lega Navale Italiana \u2013 Sez. Gaeta e con il patrocinio del Comune di Gaeta.<\/p>\n<p style=\"text-align: justify;\">Alfonso Pecoraro Scanio (Presidente Fondazione UniVerde): \u201cSe non si parte subito con politiche coraggiose e impegno civico, nel 2050 avremo pi\u00f9 plastica che pesci nei nostri mari. Per questo motivo \u00e8 importante fare fronte comune e collaborare per il bene dei nostri mari. Le nostre coste rappresentano un formidabile attrattore turistico ma sono sempre pi\u00f9 minacciate dall\u2019inquinamento causato dalla dispersione di plastiche e questa triste realt\u00e0 deve guidarci nella ricerca di azioni e strumenti per proteggere l\u2019ambiente in cui viviamo\u201d. L\u2019ex Ministro dell\u2019Ambiente ha continuato: \u201cLa tutela degli ecosistemi marini non \u00e8 un impegno stagionale, ci dobbiamo occupare del mare sempre, come dimostra il prestigioso riconoscimento della Bandiera Blu ottenuto, per il decimo anno consecutivo, da Gaeta. Senza iniziative concrete sui territori non si possono conseguire gli obiettivi nazionali ed internazionali di miglioramento della qualit\u00e0 ambientale\u201d.<\/p>\n<p style=\"text-align: justify;\">Cristian Leccese (Sindaco di Gaeta): \u201cLa nostra Citt\u00e0 \u00e8 deputata ad uno sviluppo economico legato al turismo e al mare, il nostro oro blu, passando per il patrimonio pi\u00f9 grande che custodiamo: la cultura, l\u2019ambiente e la natura. Acqua pulita significa vita, salute, alimentazione, tempo libero, energia: una preziosa risorsa di cui beneficiamo ogni giorno. Il ruolo del mare, nella crescita economica delle comunit\u00e0 costiere, \u00e8 stato pi\u00f9 volte indicato dalla Commissione Europea come punto di forza per lo sviluppo e la valorizzazione della \u201cBlue Economy\u201d, che rappresenta una grande porzione delle economie nazionali, con l\u2019obiettivo di promuovere una politica marittima integrata, per un processo di espansione sostenibile e inclusivo. A tale scopo, \u00e8 necessaria la tutela delle nostre bellezze naturali, anche attraverso la sensibilizzazione di turisti e fruitori, per salvaguardare l\u2019immenso patrimonio che le nostre coste custodiscono. \u00c8 a tutto questo che noi puntiamo, e la conquista della Bandiera Blu, della Bandiera Verde e delle Spighe Verdi, rispettivamente per il decimo, quindicesimo e settimo anno consecutivo, ne sono la dimostrazione\u201d.<\/p>\n<p style=\"text-align: justify;\">L\u2019evento \u00e8 stato aperto dai saluti di Clemente Borrelli (Direttore Generale, ITS Academy Fondazione \u201cG. Caboto\u201d): \u201cPer l\u2019ITS Academy Caboto, accogliere ed ospitare queste iniziative \u00e8 molto importante, oltre che necessario per offrire ai nostri allievi, l\u2019opportunit\u00e0 di un concreto confronto con le tematiche ambientali, che rappresentano un elemento imprescindibile del loro percorso formativo e professionale. Formare i futuri uomini e donne che lavoreranno sul mare, deve tener conto dell\u2019importanza del rispetto dell\u2019ambiente, che non sia la sola applicazione di regole, ma diventi un fondamentale principio comportamentale e di vita. Da anni, grazie anche alla condivisione con le Compagnie di Navigazione, partner del nostro ITS, i nostri giovani allievi, nello svolgimento delle attivit\u00e0 lavorative a bordo, agiscono con elevata sensibilit\u00e0 e rispetto del mare, dimostrando elevata professionalit\u00e0\u201d.<\/p>\n<p style=\"text-align: justify;\">Il C.F. Angelo Napolitano (Comandante Capitaneria di Porto &#8211; Guardia Costiera di Gaeta) con un messaggio portato dal C.C. Nicola Pontillo ha dichiarato: \u201cLa tutela dell\u2019ambiente marino e costiero rientra tra gli obiettivi prioritari che vengono perseguiti dalla Guardia Costiera nell\u2019espletamento dei propri compiti istituzionali alle dirette dipendenze dal Ministero dell\u2019ambiente e della sicurezza energetica. Il Reparto Ambientale Marino delle Corpo delle Capitanerie di porto, opera in tali ambiti quale reparto specializzato di consulenza per il Ministro e funge da raccordo tra questi e quelli che sono i compiti istituzionali della Guardia Costiera. La ricchezza del patrimonio naturale nazionale, in relazione con i rilevanti interessi economici e sociali coinvolti e direttamente connessi, particolarmente sentita in un territorio come quello del Compartimento marittimo di Gaeta ove insistono, nei 198 km di costa, due Aree Marine Protette, di Ventotene e Santo Stefano, e numerose Zone di Protezione Speciale e Zone Speciali di Conservazione, impone un\u2019attenta opera di vigilanza e controllo sul rispetto delle norme nazionali e internazionali di settore. Attivit\u00e0 che viene espletata sia con una serie di controlli sistematici organizzati insieme con Arpa Lazio per il monitoraggio dello stato del mare sia con una serie di controlli di iniziativa sul ciclo dei rifiuti, sul funzionamento degli impianti di depurazione e sulle navi nazionali ed estere che accostano i porti di giurisdizione. Si aggiungono a questa attivit\u00e0 i compiti direttamente derivanti dalle previsioni di cui agli articoli 10 e 11 della legge 979\/82, cd. legge per la difesa del mare, che individua il Capo del compartimento marittimo quale autorit\u00e0 competente in via esclusiva per la redazione del piano locale antinquinamento e per il coordinamento delle risorse necessarie per far fronte ad eventuali emergenze in mare e l\u2019attivit\u00e0 che viene espletata per la tutela delle aree marine protette\u201d.<\/p>\n<p style=\"text-align: justify;\">All\u2019evento sono inoltre intervenuti: Col. Biagio Looz (Capo Ufficio Addestramento e Studi, Scuola Nautica della Guardia di Finanza); Alfonso Perri (Responsabile relazioni esterne di Marevivo) che ha presentato il video della campagna \u201cOnly One: One Planet, One Ocean, One Health\u201d per affrontare la crisi climatica e Gianluca Di Fazio (Presidente Lega Navale Italiana \u2013 Sez. Gaeta) che ha rilanciato la forte vocazione dell\u2019associazione alla tutela dell\u2019ambiente marino e delle acque interne sviluppando anche, a tale scopo, iniziative di sensibilizzazione, culturali, naturalistiche, sportive e didattiche. Il dibattito \u00e8 stato concluso da Bruno Mascarenhas (Campione olimpico di canottaggio, telecronista sportivo e direttore tecnico) storico testimonial della campagna \u201cMediterraneo da remare\u201d che ha ribadito quanto lo sport sia una passione da conciliare sempre con l\u2019educazione ambientale e riaffermato il ruolo strategico delle nuove generazioni. Mascarenhas ha poi capitanato la remata simbolica per la raccolta delle plastiche disperse in mare alla quale hanno partecipato i canoisti e canottieri della Lega navale italiana \u2013 sez. Gaeta, ITS Academy Fondazione G. Caboto, Canoa Club San Giorgio a Liri in collaborazione con la FICK Lazio.<\/p>\n<p style=\"text-align: justify;\">La XIII edizione di Mediterraneo da remare vede rinnovata la partnership con\u00a0Castalia\u00a0Consorzio Stabile S.C.p.A., Federazione Italiana Canoa e Kayak e\u00a0Marnavi. La tappa a Gaeta \u00e8 stata promossa in collaborazione con i Partners: ITS Academy Fondazione G. Caboto, Base Nautica Flavio Gioia, Yacht Club Gaeta E.V.S.<\/p>\n<p style=\"text-align: justify;\">LA CAMPAGNA &#8211; La campagna itinerante Mediterraneo da remare, promossa dalla Fondazione UniVerde in collaborazione con Marevivo e con l\u2019adesione del Corpo delle Capitanerie di Porto &#8211; Guardia Costiera nasce, nel 2011, da un\u2019idea del Presidente della Fondazione UniVerde, Alfonso Pecoraro Scanio, che da Ministro dell\u2019Ambiente cambi\u00f2 la denominazione del dicastero aggiungendovi la tutela del Mare.<\/p>\n<p style=\"text-align: justify;\">Supportata da atleti del canottaggio e della canoa, a partire dai campioni olimpici Bruno Mascarenhas e Daniele Scarpa e dal campione mondiale Livio La Padula, ha l\u2019obiettivo di sensibilizzare la collettivit\u00e0 alla tutela del Mare Nostrum e del suo delicato ecosistema mediante eventi e remate simboliche promossi su tutto il territorio nazionale, ed eventi internazionali, a sostegno delle strutture turistiche operanti sui litorali marini, lacustri e fluviali che mettono a disposizione dei propri clienti canoe o altri natanti ecologici, promuovendo cos\u00ec un turismo sostenibile e amico del Mediterraneo.<\/p>\n<p style=\"text-align: justify;\">Partner nazionali della campagna sono:<\/p>\n<p style=\"text-align: justify;\">Castalia Consorzio Stabile S.C.p.A. che da oltre 30 anni opera in Italia e all\u2019estero per la salvaguardia e tutela del mare ed \u00e8 impegnata nella costante ricerca e sperimentazione di nuove soluzioni e tecnologie innovative volte alla salvaguardia dell\u2019ambiente marino, delle risorse del mare e allo sviluppo del turismo nautico.<\/p>\n<p style=\"text-align: justify;\">Federazione Italiana Canoa e Kayak (FICK) con la quale \u00e8 attivo un protocollo d\u2019intesa per promuovere insieme iniziative per la difesa del mare e la pratica dello sport della canoa.<\/p>\n<p style=\"text-align: justify;\">Marnavi, compagnia di navigazione che opera nel mercato mondiale dei trasporti e impegnata, tra l\u2019altro, nell\u2019approvvigionamento idrico sostenibile, in particolare quello delle isole minori, per ridurne l\u2019impatto ambientale.<\/p>\n","protected":false},"excerpt":{"rendered":"<p>GAETA &#8211; Dopo il lancio della XIII edizione a San Benedetto del Tronto, nelle Marche, \u00e8 iniziato il tour lungo le coste italiane di Mediterraneo da remare #PlasticFree 2023. Ieri, luned\u00ec 31 luglio, la campagna itinerante promossa dalla Fondazione UniVerde, in collaborazione con Marevivo e con l\u2019adesione del Corpo delle Capitanerie di Porto \u2013 Guardia [&hellip;]<\/p>\n","protected":false},"author":60,"featured_media":0,"comment_status":"open","ping_status":"open","sticky":false,"template":"","format":"standard","meta":{"footnotes":""},"categories":[12],"tags":[],"class_list":["post-334126","post","type-post","status-publish","format-standard","hentry","category-ambiente"],"_links":{"self":[{"href":"https:\/\/www.radioluna.it\/news\/wp-json\/wp\/v2\/posts\/334126","targetHints":{"allow":["GET"]}}],"collection":[{"href":"https:\/\/www.radioluna.it\/news\/wp-json\/wp\/v2\/posts"}],"about":[{"href":"https:\/\/www.radioluna.it\/news\/wp-json\/wp\/v2\/types\/post"}],"author":[{"embeddable":true,"href":"https:\/\/www.radioluna.it\/news\/wp-json\/wp\/v2\/users\/60"}],"replies":[{"embeddable":true,"href":"https:\/\/www.radioluna.it\/news\/wp-json\/wp\/v2\/comments?post=334126"}],"version-history":[{"count":0,"href":"https:\/\/www.radioluna.it\/news\/wp-json\/wp\/v2\/posts\/334126\/revisions"}],"wp:attachment":[{"href":"https:\/\/www.radioluna.it\/news\/wp-json\/wp\/v2\/media?parent=334126"}],"wp:term":[{"taxonomy":"category","embeddable":true,"href":"https:\/\/www.radioluna.it\/news\/wp-json\/wp\/v2\/categories?post=334126"},{"taxonomy":"post_tag","embeddable":true,"href":"https:\/\/www.radioluna.it\/news\/wp-json\/wp\/v2\/tags?post=334126"}],"curies":[{"name":"wp","href":"https:\/\/api.w.org\/{rel}","templated":true}]}}