{"id":334454,"date":"2023-08-05T07:23:17","date_gmt":"2023-08-05T05:23:17","guid":{"rendered":"https:\/\/www.radioluna.it\/news\/?p=334454"},"modified":"2023-08-05T07:24:54","modified_gmt":"2023-08-05T05:24:54","slug":"censi-lega-mi-attivero-per-far-luce-sullanomalo-colore-del-mare-di-latina","status":"publish","type":"post","link":"https:\/\/www.radioluna.it\/news\/2023\/08\/censi-lega-mi-attivero-per-far-luce-sullanomalo-colore-del-mare-di-latina\/","title":{"rendered":"Censi (Lega): &#8220;Mi attiver\u00f2 per far luce sull&#8217;anomalo colore del mare di Latina&#8221;"},"content":{"rendered":"<div id=\"fb-root\"><\/div>\n<p style=\"text-align: justify;\"><strong>LATINA &#8211;<\/strong> Il Comune accende i riflettori sulle acque del mare al Lido di Latina che sono diventate improvvisamente torbide e verde-canale. E&#8217; accaduto con l&#8217;inizio della stagione e in coincidenza di un fenomeno metereologico estremo di fine giugno (la frana di Sezze), ma la situazione ad agosto \u00e8 ancora identica.\u00a0 \u00a0Promette attenzione Federica Censi, consigliera della Lega e presidente della Commissione Trasporti, Turismo e Marina. &#8220;Mi attiver\u00f2\u00a0 &#8211; scrive in una nota &#8211; per far luce sull\u2019anomalo colore dell\u2019acqua che sta interessando il nostro mare gi\u00e0 da qualche settimana, alla ricerca delle possibili cause, chiedendo chiarimenti al Consorzio di Bonifica e ad Acqualatina. Ai due Enti solleciter\u00f2 anche la verifica della depurazione dei canali. Sul nostro lungomare si \u00e8 detto molto negli ultimi anni ma ora \u00e8 giunto il momento di fare i fatti perch\u00e9 stiamo per sfiorare il punto di non ritorno, superato il quale sar\u00e0 veramente difficile poter parlare di turismo e commercio, di destagionalizzazione, di attrattivit\u00e0 del litorale e di tutto ci\u00f2 che concerne il suo sviluppo, di tutela ambientale e della biodiversit\u00e0 che caratterizza il nostro territorio\u201d.<\/p>\n<p style=\"text-align: justify;\">La Censi torna anche sugli &#8220;esiti della commissione Trasporti, Turismo e Marina&#8221; che si \u00e8 tenuta gioved\u00ec pomeriggio con la presentazione del progetto di protezione della costa che prevede come &#8220;intervento risolutivo&#8221; la realizzazione di lunghe barriere frangiflutti (i pennelli) per recuperare (secondo i calcoli del progettista) circa 8 metri lineari di spiaggia. &#8220;Sul tema dell\u2019erosione costiera e della protezione della nostra costa occorre un\u2019azione immediata, congiuntamente a un piano strategico per i prossimi 15 anni, con stanziamenti economici importanti &#8211; aggiunge la Censi &#8211; . Il progetto definitivo realizzato dalla Duomi Srl, esposto nella seduta della commissione di ieri dall\u2019ingegner Migliorino, vede interventi sul tratto del lungomare di Latina per una somma totale di 28milini di euro, ragion per cui \u00e8 impensabile che da solo il Comune riesca nella programmazione. Servir\u00e0 pieno supporto di Regione, Governo e Europa nell\u2019ambito di un intervento strategico, e che il Comune realizzi la prima tranche delle opere entro la prossima primavera, considerato il finanziamento regionale di 5.500.000 euro, finora non utilizzato. Basta perdere tempo, \u00e8 ora di agire! Come presidente di commissione vigiler\u00f2, attivando tutti gli strumenti e canali necessari e in mio possesso per raggiungere l\u2019obiettivo nel breve, medio e lungo termine; perch\u00e9 preservare la nostra costa dall\u2019invalidante problema dell\u2019erosione costiera equivale a tutelare l\u2019ambiente, il turismo, l\u2019agricoltura e lo sviluppo commerciale della Marina di Latina, che oggi pi\u00f9 che mai deve risorgere diventando un punto di riferimento per cittadini e visitatori. A tal riguardo, nei prossimi giorni&#8221;.<\/p>\n","protected":false},"excerpt":{"rendered":"<p>LATINA &#8211; Il Comune accende i riflettori sulle acque del mare al Lido di Latina che sono diventate improvvisamente torbide e verde-canale. E&#8217; accaduto con l&#8217;inizio della stagione e in coincidenza di un fenomeno metereologico estremo di fine giugno (la frana di Sezze), ma la situazione ad agosto \u00e8 ancora identica.\u00a0 \u00a0Promette attenzione Federica Censi, [&hellip;]<\/p>\n","protected":false},"author":62,"featured_media":334456,"comment_status":"open","ping_status":"open","sticky":false,"template":"","format":"standard","meta":{"footnotes":""},"categories":[8],"tags":[],"class_list":["post-334454","post","type-post","status-publish","format-standard","has-post-thumbnail","hentry","category-politica"],"_links":{"self":[{"href":"https:\/\/www.radioluna.it\/news\/wp-json\/wp\/v2\/posts\/334454","targetHints":{"allow":["GET"]}}],"collection":[{"href":"https:\/\/www.radioluna.it\/news\/wp-json\/wp\/v2\/posts"}],"about":[{"href":"https:\/\/www.radioluna.it\/news\/wp-json\/wp\/v2\/types\/post"}],"author":[{"embeddable":true,"href":"https:\/\/www.radioluna.it\/news\/wp-json\/wp\/v2\/users\/62"}],"replies":[{"embeddable":true,"href":"https:\/\/www.radioluna.it\/news\/wp-json\/wp\/v2\/comments?post=334454"}],"version-history":[{"count":0,"href":"https:\/\/www.radioluna.it\/news\/wp-json\/wp\/v2\/posts\/334454\/revisions"}],"wp:featuredmedia":[{"embeddable":true,"href":"https:\/\/www.radioluna.it\/news\/wp-json\/wp\/v2\/media\/334456"}],"wp:attachment":[{"href":"https:\/\/www.radioluna.it\/news\/wp-json\/wp\/v2\/media?parent=334454"}],"wp:term":[{"taxonomy":"category","embeddable":true,"href":"https:\/\/www.radioluna.it\/news\/wp-json\/wp\/v2\/categories?post=334454"},{"taxonomy":"post_tag","embeddable":true,"href":"https:\/\/www.radioluna.it\/news\/wp-json\/wp\/v2\/tags?post=334454"}],"curies":[{"name":"wp","href":"https:\/\/api.w.org\/{rel}","templated":true}]}}