{"id":334495,"date":"2023-08-05T12:25:01","date_gmt":"2023-08-05T10:25:01","guid":{"rendered":"https:\/\/www.radioluna.it\/news\/?p=334495"},"modified":"2023-08-05T12:25:01","modified_gmt":"2023-08-05T10:25:01","slug":"latina-violenza-sulle-donne-convenzione-in-scadenza-lassessore-nasso-incontra-il-centro-donna-lilith","status":"publish","type":"post","link":"https:\/\/www.radioluna.it\/news\/2023\/08\/latina-violenza-sulle-donne-convenzione-in-scadenza-lassessore-nasso-incontra-il-centro-donna-lilith\/","title":{"rendered":"Violenza sulle donne, convenzione in scadenza, l&#8217;assessore Nasso incontra il Centro Donna Lilith"},"content":{"rendered":"<div id=\"fb-root\"><\/div>\n<p style=\"text-align: justify;\"><strong>LATINA &#8211; <\/strong>Dopo l\u2019allarme lanciato dall\u2019associazione Centro Donna Lilith di Latina per il mancato avvio delle procedure di rinnovo della convenzione per lo svolgimento di servizi e interventi di contrasto alla violenza di genere,\u00a0 l\u2019assessore ai servizi sociali Michele Nasso ha incontrato questa mattina la presidente Francesca Innocenti accompagnata da Patrizia Amodio, una delle fondatrici dell&#8217;associazione nata 37 anni fa, da sempre attivissima oltre che nelle azioni di accoglienza e protezione, anche sul fronte della sensibilizzazione ed educazione e nelle politiche attive per il reinserimento sociale delle donne impegnate nel percorso di fuoriuscita dalla violenza domestica.<\/p>\n<p style=\"text-align: justify;\">\u201cIl dialogo \u00e8 aperto e mi sono attivato gi\u00e0 con la Regione Lazio\u00a0 &#8211; ha detto Nasso dichiarando che &#8220;il contrasto alla violenza di genere \u00e8 una delle priorit\u00e0 dell\u2019assessorato che rappresento&#8221;. Mi spender\u00f2 con ogni energia per fare in modo che non vi sia alcuna interruzione di servizio. L\u2019assistenza e il sostegno alle vittime di violenza e ai loro figli sono servizi da preservare e se possibile potenziare&#8221;. La convenzione scadr\u00e0 a novembre e conoscendo i tempi della burocrazia, e con l&#8217;estate in corso, significa prestissimo.<\/p>\n<p style=\"text-align: justify;\">L\u2019assessore Nasso marted\u00ec, insieme alla sindaca di Latina Matilde Celentano incontrer\u00e0 di nuovo le responsabili del Centro Donna Lilith stavolta presso la sede del centro a pochi metri dal Comune. Sar\u00e0 l&#8217;occasione, per il titolare dei Servizi sociali, di visitare per la prima volta la struttura.<\/p>\n<p style=\"text-align: justify;\">\n","protected":false},"excerpt":{"rendered":"<p>LATINA &#8211; Dopo l\u2019allarme lanciato dall\u2019associazione Centro Donna Lilith di Latina per il mancato avvio delle procedure di rinnovo della convenzione per lo svolgimento di servizi e interventi di contrasto alla violenza di genere,\u00a0 l\u2019assessore ai servizi sociali Michele Nasso ha incontrato questa mattina la presidente Francesca Innocenti accompagnata da Patrizia Amodio, una delle fondatrici [&hellip;]<\/p>\n","protected":false},"author":62,"featured_media":334496,"comment_status":"open","ping_status":"open","sticky":false,"template":"","format":"standard","meta":{"footnotes":""},"categories":[8],"tags":[5531,5530,23,2154],"class_list":["post-334495","post","type-post","status-publish","format-standard","has-post-thumbnail","hentry","category-politica","tag-centro-antiviolenza","tag-centro-donna-lilith-latina","tag-latina","tag-notizie-di-latina"],"_links":{"self":[{"href":"https:\/\/www.radioluna.it\/news\/wp-json\/wp\/v2\/posts\/334495","targetHints":{"allow":["GET"]}}],"collection":[{"href":"https:\/\/www.radioluna.it\/news\/wp-json\/wp\/v2\/posts"}],"about":[{"href":"https:\/\/www.radioluna.it\/news\/wp-json\/wp\/v2\/types\/post"}],"author":[{"embeddable":true,"href":"https:\/\/www.radioluna.it\/news\/wp-json\/wp\/v2\/users\/62"}],"replies":[{"embeddable":true,"href":"https:\/\/www.radioluna.it\/news\/wp-json\/wp\/v2\/comments?post=334495"}],"version-history":[{"count":0,"href":"https:\/\/www.radioluna.it\/news\/wp-json\/wp\/v2\/posts\/334495\/revisions"}],"wp:featuredmedia":[{"embeddable":true,"href":"https:\/\/www.radioluna.it\/news\/wp-json\/wp\/v2\/media\/334496"}],"wp:attachment":[{"href":"https:\/\/www.radioluna.it\/news\/wp-json\/wp\/v2\/media?parent=334495"}],"wp:term":[{"taxonomy":"category","embeddable":true,"href":"https:\/\/www.radioluna.it\/news\/wp-json\/wp\/v2\/categories?post=334495"},{"taxonomy":"post_tag","embeddable":true,"href":"https:\/\/www.radioluna.it\/news\/wp-json\/wp\/v2\/tags?post=334495"}],"curies":[{"name":"wp","href":"https:\/\/api.w.org\/{rel}","templated":true}]}}