{"id":334526,"date":"2023-08-05T16:13:04","date_gmt":"2023-08-05T14:13:04","guid":{"rendered":"https:\/\/www.radioluna.it\/news\/?p=334526"},"modified":"2023-08-05T16:13:04","modified_gmt":"2023-08-05T14:13:04","slug":"richiesta-dellopposizione-sullutilizzo-degli-uffici-comunali-da-parte-dellingegner-marcheselli","status":"publish","type":"post","link":"https:\/\/www.radioluna.it\/news\/2023\/08\/richiesta-dellopposizione-sullutilizzo-degli-uffici-comunali-da-parte-dellingegner-marcheselli\/","title":{"rendered":"Richiesta dell&#8217;opposizione sull&#8217;utilizzo degli uffici comunali da parte dell&#8217;ingegner Marcheselli"},"content":{"rendered":"<div id=\"fb-root\"><\/div>\n<p style=\"text-align: justify;\"><strong>LATINA<\/strong> &#8211; Una richiesta alla sindaca Matilde Celentano, all\u2019assessora al Patrimonio Ada Nasti e all\u2019assessore al Personale Andrea Chiarato per chiedere informazioni in merito all\u2019utilizzo degli uffici del Comune da parte dell\u2019ingegner Agostino Marcheselli. A presentarla sono stati i consiglieri di Lbc, M5S, Pd e Per Latina 2032.<\/p>\n<p style=\"text-align: justify;\">La premessa \u00e8 che le stanze e gli uffici del Comune di Latina sono destinate a impiegati e amministratori comunali o, attraverso apposite delibere, contratti di locazione o comodato, ad altre attivit\u00e0. In una delle stanze svolge per\u00f2 la propria attivit\u00e0 lavorativa l\u2019ingegner Marcheselli, che non risulta tuttavia titolare di impiego pubblico, di carica amministrativa n\u00e9 di alcun ruolo nell\u2019organizzazione comunale. Pertanto i consiglieri chiedono agli assessori competenti e alla sindaca qual \u00e8 il rapporto in essere tra l\u2019ente e Agostino Marcheselli, quali mansioni lo stesso stia svolgendo e se sia previsto un compenso. L\u2019opposizione chiede in particolare di avere spiegazioni sulla sua permanenza negli uffici comunali ed eventualmente che contratto di locazione o comodato sia stato stipulato dal Comune in caso di attivit\u00e0 privata.<\/p>\n","protected":false},"excerpt":{"rendered":"<p>LATINA &#8211; Una richiesta alla sindaca Matilde Celentano, all\u2019assessora al Patrimonio Ada Nasti e all\u2019assessore al Personale Andrea Chiarato per chiedere informazioni in merito all\u2019utilizzo degli uffici del Comune da parte dell\u2019ingegner Agostino Marcheselli. A presentarla sono stati i consiglieri di Lbc, M5S, Pd e Per Latina 2032. La premessa \u00e8 che le stanze e [&hellip;]<\/p>\n","protected":false},"author":60,"featured_media":333778,"comment_status":"open","ping_status":"open","sticky":false,"template":"","format":"standard","meta":{"footnotes":""},"categories":[8],"tags":[],"class_list":["post-334526","post","type-post","status-publish","format-standard","has-post-thumbnail","hentry","category-politica"],"_links":{"self":[{"href":"https:\/\/www.radioluna.it\/news\/wp-json\/wp\/v2\/posts\/334526","targetHints":{"allow":["GET"]}}],"collection":[{"href":"https:\/\/www.radioluna.it\/news\/wp-json\/wp\/v2\/posts"}],"about":[{"href":"https:\/\/www.radioluna.it\/news\/wp-json\/wp\/v2\/types\/post"}],"author":[{"embeddable":true,"href":"https:\/\/www.radioluna.it\/news\/wp-json\/wp\/v2\/users\/60"}],"replies":[{"embeddable":true,"href":"https:\/\/www.radioluna.it\/news\/wp-json\/wp\/v2\/comments?post=334526"}],"version-history":[{"count":0,"href":"https:\/\/www.radioluna.it\/news\/wp-json\/wp\/v2\/posts\/334526\/revisions"}],"wp:featuredmedia":[{"embeddable":true,"href":"https:\/\/www.radioluna.it\/news\/wp-json\/wp\/v2\/media\/333778"}],"wp:attachment":[{"href":"https:\/\/www.radioluna.it\/news\/wp-json\/wp\/v2\/media?parent=334526"}],"wp:term":[{"taxonomy":"category","embeddable":true,"href":"https:\/\/www.radioluna.it\/news\/wp-json\/wp\/v2\/categories?post=334526"},{"taxonomy":"post_tag","embeddable":true,"href":"https:\/\/www.radioluna.it\/news\/wp-json\/wp\/v2\/tags?post=334526"}],"curies":[{"name":"wp","href":"https:\/\/api.w.org\/{rel}","templated":true}]}}