{"id":334530,"date":"2023-08-05T16:39:59","date_gmt":"2023-08-05T14:39:59","guid":{"rendered":"https:\/\/www.radioluna.it\/news\/?p=334530"},"modified":"2023-08-05T16:39:59","modified_gmt":"2023-08-05T14:39:59","slug":"poverta-educativa-latina-al-53esimo-posto","status":"publish","type":"post","link":"https:\/\/www.radioluna.it\/news\/2023\/08\/poverta-educativa-latina-al-53esimo-posto\/","title":{"rendered":"Povert\u00e0 educativa, Latina al 53esimo posto"},"content":{"rendered":"<div id=\"fb-root\"><\/div>\n<p style=\"text-align: justify;\"><strong>LATINA<\/strong> &#8211; \u201cIl dato che emerge dalla classifica stilata dal Sole 24 Ore \u00e8 preoccupante: la provincia di Latina \u00e8 al 53esimo posto per quanto riguarda la povert\u00e0 educativa. Quasi la met\u00e0 della popolazione (il\u00a048,8%) ha un livello di istruzione basso ossia uguale o inferiore alla terza media. Sarebbe opportuno, davanti a questi numeri, avviare una riflessione in grado di coinvolgere tutte le parti: civili, sociali, politiche, istituzionali e del terzo settore\u201d. Cos\u00ec Valeria Campagna, Capogruppo comunale del PD e Vicesegretaria del PD Lazio, in una nota.<\/p>\n<p style=\"text-align: justify;\">\u201cInvitiamo l\u2019amministrazione Celentano \u2013 scrive Campagna \u2013 a ripristinare tutte le azioni, gi\u00e0 avviate nelle precedenti due consiliature anche grazie al lavoro dell\u2019ex Assessore Proietti, finalizzate proprio a contrastare il fenomeno dell\u2019abbandono scolastico e, quindi, quello della povert\u00e0 educativa. In primis, i patti educativi di comunit\u00e0 che hanno costruito una vera e propria comunit\u00e0 educante ed attiva. Un progetto che mi ha vista in prima linea anche da Presidente della Commissione Scuola della Provincia di Latina dove avevamo iniziato un percorso che ha coinvolto tanti comuni del nostro territorio\u201d.<\/p>\n<p style=\"text-align: justify;\">\u201cPer quanto riguarda la scuola \u2013 aggiunge \u2013 \u00e8 arrivato il momento di superare modelli ormai antiquati e di introdurre politiche innovative e coraggiose. \u00c8 per questo che in campagna elettorale avevamo proposto il modello delle \u2018scuole aperte\u2019 che prevede l\u2019apertura permanente delle scuole, anche oltre l\u2019orario mattutino, e la ridefinizione degli spazi scolastici come hub sociali, culturali e di formazione continua. Un modello che sta gi\u00e0 funzionando altrove ad esempio a Roma che non a caso, in base alla classifica del Sole 24 Ore, risulta la provincia con il minor tasso di povert\u00e0 educativa d\u2019Italia. Solamente cos\u00ec la scuola potr\u00e0 essere ripensata come spazio di vita e di socialit\u00e0 fino a diventare, per i ragazzi e le ragazze, un luogo stimolante e positivo. Una seconda casa\u201d.<\/p>\n<p style=\"text-align: justify;\">\u201cStare all\u2019opposizione non fermer\u00e0 la nostra battaglia e come PD porteremo questa proposta in Consiglio Comunale e nelle commissioni consiliari per iniziare a lavorare concretamente ad una scuola pi\u00f9 giusta. \u00c8 ripristinando le buone pratiche ed avviando nuovi modelli coraggiosi \u2013 conclude Campagna &#8211; che potremo fare un passo concreto verso una scuola pi\u00f9 giusta e senza disuguaglianze. In grado di contrastare la piaga dell\u2019abbandono. Da questo punto di vista ci aspettiamo, da parte della Sindaca Celentano e della giunta Comunale, ascolto e lavoro incessante. Sul diritto universale all\u2019educazione e all\u2019istruzione non dovrebbero esserci contrapposizioni ma si dovrebbe lavorare ad una convergenza positiva tra tutte le forze politiche\u201d.<\/p>\n","protected":false},"excerpt":{"rendered":"<p>LATINA &#8211; \u201cIl dato che emerge dalla classifica stilata dal Sole 24 Ore \u00e8 preoccupante: la provincia di Latina \u00e8 al 53esimo posto per quanto riguarda la povert\u00e0 educativa. Quasi la met\u00e0 della popolazione (il\u00a048,8%) ha un livello di istruzione basso ossia uguale o inferiore alla terza media. Sarebbe opportuno, davanti a questi numeri, avviare [&hellip;]<\/p>\n","protected":false},"author":60,"featured_media":299363,"comment_status":"open","ping_status":"open","sticky":false,"template":"","format":"standard","meta":{"footnotes":""},"categories":[8],"tags":[],"class_list":["post-334530","post","type-post","status-publish","format-standard","has-post-thumbnail","hentry","category-politica"],"_links":{"self":[{"href":"https:\/\/www.radioluna.it\/news\/wp-json\/wp\/v2\/posts\/334530","targetHints":{"allow":["GET"]}}],"collection":[{"href":"https:\/\/www.radioluna.it\/news\/wp-json\/wp\/v2\/posts"}],"about":[{"href":"https:\/\/www.radioluna.it\/news\/wp-json\/wp\/v2\/types\/post"}],"author":[{"embeddable":true,"href":"https:\/\/www.radioluna.it\/news\/wp-json\/wp\/v2\/users\/60"}],"replies":[{"embeddable":true,"href":"https:\/\/www.radioluna.it\/news\/wp-json\/wp\/v2\/comments?post=334530"}],"version-history":[{"count":0,"href":"https:\/\/www.radioluna.it\/news\/wp-json\/wp\/v2\/posts\/334530\/revisions"}],"wp:featuredmedia":[{"embeddable":true,"href":"https:\/\/www.radioluna.it\/news\/wp-json\/wp\/v2\/media\/299363"}],"wp:attachment":[{"href":"https:\/\/www.radioluna.it\/news\/wp-json\/wp\/v2\/media?parent=334530"}],"wp:term":[{"taxonomy":"category","embeddable":true,"href":"https:\/\/www.radioluna.it\/news\/wp-json\/wp\/v2\/categories?post=334530"},{"taxonomy":"post_tag","embeddable":true,"href":"https:\/\/www.radioluna.it\/news\/wp-json\/wp\/v2\/tags?post=334530"}],"curies":[{"name":"wp","href":"https:\/\/api.w.org\/{rel}","templated":true}]}}