{"id":334706,"date":"2023-08-09T12:01:32","date_gmt":"2023-08-09T10:01:32","guid":{"rendered":"https:\/\/www.radioluna.it\/news\/?p=334706"},"modified":"2023-08-12T13:28:10","modified_gmt":"2023-08-12T11:28:10","slug":"bagno-di-folla-per-il-super-campione-di-padel-a-latina-e-fondi","status":"publish","type":"post","link":"https:\/\/www.radioluna.it\/news\/2023\/08\/bagno-di-folla-per-il-super-campione-di-padel-a-latina-e-fondi\/","title":{"rendered":"Bagno di folla per il super campione di padel a Latina e Fondi"},"content":{"rendered":"<div id=\"fb-root\"><\/div>\n<p style=\"text-align: justify;\"><strong>LATINA<\/strong> &#8211; Un bagno di folla, sabato e domenica scorsi, per la due giorni di padel organizzata da Emanuele Benazzato per conto dell\u2019Osservatorio per lo Sport e il Turismo Sportivo e Asc della provincia di Latina.<\/p>\n<p style=\"text-align: justify;\">Due giorni, sabato all\u2019Agora e domenica al Camping Le Dune di Fondi, in cui gli appassionati di padel hanno potuto incontrare uno dei loro grandi idoli, Mat\u00edas D\u00edaz Sangiorgio, uno dei giocatori pi\u00f9 forti di tutti i tempi. Lezioni per i pi\u00f9 esperti, ma anche tanti consigli dispensati a principianti e appassionati di questo sport diventato uno dei pi\u00f9 amati.<\/p>\n<p style=\"text-align: justify;\">Argentino, nato il 27 settembre 1978 a Buenos Aires, Mat\u00edas D\u00edaz Sangiorgio \u00e8 da 30 anni un giocatore professionista tra i pi\u00f9 apprezzati nel circuito. Il suo gioco \u00e8 caratterizzato dall&#8217;essere difensivo e lottare per ogni punto, motivo per cui \u00e8 soprannominato \u201cThe Warrior\u201d.<\/p>\n<p style=\"text-align: justify;\">\u201cSiamo orgogliosi di essere riusciti a portare a Latina un altro grande campione di padel \u2013 spiega Gianluca Marchionne, neo Presidente dell\u2019Osservatorio per lo Sport e il Turismo Sportivo e di Asc Latina. Un grande plauso va a Emanuele Benazzato che, dopo essere riuscito, lo scorso anno, a portare in provincia di Latina l\u2019icona del padel mondiale, Miguel Lamperti, \u00e8 riuscito a replicare organizzando un week end che \u00e8 stato un grandissimo successo grazie ai tanti giocatori e appassionati che, a Latina e Fondi, hanno trascorso una giornata in compagnia di uno dei pi\u00f9 giocatori pi\u00f9 forti del padel internazionale\u201d.<\/p>\n<p>&nbsp;<\/p>\n<div class=\"radio-posizionamento-telefono-in-articoli-dopo-il-contenuto-articolo radio-entity-placement\" id=\"radio-1388641830\"><div id=\"radio-3620936918\"><a href=\"https:\/\/grupporedi.it\/\" aria-label=\"Redi-Qr\"><img loading=\"lazy\" decoding=\"async\" src=\"https:\/\/www.radioluna.it\/news\/wp-content\/uploads\/2026\/03\/Redi-Qr.jpg\" alt=\"\"  srcset=\"https:\/\/www.radioluna.it\/news\/wp-content\/uploads\/2026\/03\/Redi-Qr.jpg 800w, https:\/\/www.radioluna.it\/news\/wp-content\/uploads\/2026\/03\/Redi-Qr-768x639.jpg 768w\" sizes=\"(max-width: 800px) 100vw, 800px\" width=\"300\" height=\"250\"   \/><\/a><\/div><\/div>","protected":false},"excerpt":{"rendered":"<p>LATINA &#8211; Un bagno di folla, sabato e domenica scorsi, per la due giorni di padel organizzata da Emanuele Benazzato per conto dell\u2019Osservatorio per lo Sport e il Turismo Sportivo e Asc della provincia di Latina. Due giorni, sabato all\u2019Agora e domenica al Camping Le Dune di Fondi, in cui gli appassionati di padel hanno [&hellip;]<\/p>\n","protected":false},"author":5430,"featured_media":334709,"comment_status":"open","ping_status":"open","sticky":false,"template":"","format":"standard","meta":{"footnotes":""},"categories":[17],"tags":[],"class_list":["post-334706","post","type-post","status-publish","format-standard","has-post-thumbnail","hentry","category-sport"],"_links":{"self":[{"href":"https:\/\/www.radioluna.it\/news\/wp-json\/wp\/v2\/posts\/334706","targetHints":{"allow":["GET"]}}],"collection":[{"href":"https:\/\/www.radioluna.it\/news\/wp-json\/wp\/v2\/posts"}],"about":[{"href":"https:\/\/www.radioluna.it\/news\/wp-json\/wp\/v2\/types\/post"}],"author":[{"embeddable":true,"href":"https:\/\/www.radioluna.it\/news\/wp-json\/wp\/v2\/users\/5430"}],"replies":[{"embeddable":true,"href":"https:\/\/www.radioluna.it\/news\/wp-json\/wp\/v2\/comments?post=334706"}],"version-history":[{"count":0,"href":"https:\/\/www.radioluna.it\/news\/wp-json\/wp\/v2\/posts\/334706\/revisions"}],"wp:featuredmedia":[{"embeddable":true,"href":"https:\/\/www.radioluna.it\/news\/wp-json\/wp\/v2\/media\/334709"}],"wp:attachment":[{"href":"https:\/\/www.radioluna.it\/news\/wp-json\/wp\/v2\/media?parent=334706"}],"wp:term":[{"taxonomy":"category","embeddable":true,"href":"https:\/\/www.radioluna.it\/news\/wp-json\/wp\/v2\/categories?post=334706"},{"taxonomy":"post_tag","embeddable":true,"href":"https:\/\/www.radioluna.it\/news\/wp-json\/wp\/v2\/tags?post=334706"}],"curies":[{"name":"wp","href":"https:\/\/api.w.org\/{rel}","templated":true}]}}