{"id":334910,"date":"2023-08-11T15:26:54","date_gmt":"2023-08-11T13:26:54","guid":{"rendered":"https:\/\/www.radioluna.it\/news\/?p=334910"},"modified":"2023-08-11T15:26:54","modified_gmt":"2023-08-11T13:26:54","slug":"tiero-bene-revisione-tribunali-riaprire-le-sedi-di-gaeta-e-terracina","status":"publish","type":"post","link":"https:\/\/www.radioluna.it\/news\/2023\/08\/tiero-bene-revisione-tribunali-riaprire-le-sedi-di-gaeta-e-terracina\/","title":{"rendered":"Tiero: &#8220;Bene revisione tribunali, riaprire le sedi di Gaeta e Terracina&#8221;"},"content":{"rendered":"<div id=\"fb-root\"><\/div>\n<p style=\"text-align: justify;\"><strong>LATINA &#8211;<\/strong> &#8220;La giustizia sui territori, per i territori. Come gi\u00e0 sostenuto prima di essere eletto, mi batter\u00f2 per la riapertura dei tribunali di Gaeta e Terracina. Questo l&#8217;obiettivo che intendo portare avanti nel corso della mia missione in Consiglio regionale. Prendo atto con favore che il governo Meloni intende riaprire i piccoli tribunali soppressi oltre 10 anni fa. La revisione della mappa dei tribunali italiani \u00e8 finita sulla scrivania della Commissione Giustizia al Senato. Le Regioni avranno un ruolo chiave nel piano di riapertura delle sedi minori. Da tempo si \u00e8 constatato che la riforma del governo Monti che tagli\u00f2 oltre 200 sedi distaccate dei tribunali si \u00e8 rivelata un fallimento. A farne le spese i tribunali di Gaeta e Terracina, soppressi nonostante le proteste veementi di cittadini e addetti ai lavori. Quel provvedimento non solo non ha garantito la celerit\u00e0 dei processi, ma nel sud pontino ha spento la luce della legalit\u00e0 rappresentata da una sede giudiziaria strategica. Pi\u00f9 in generale, la chiusura delle sedi distaccate di Terracina e Gaeta, ha portato in dote al Tribunale di Latina una enorme e complessa mole di cause pendenti, tali da ingolfare ulteriormente la gi\u00e0 problematica e gracile organizzazione generale.<\/p>\n<p style=\"text-align: justify;\">A mio modo di vedere la giustizia di prossimit\u00e0 \u00e8 importante. La giustizia rappresenta un diritto fondamentale per i cittadini, i quali stanno gi\u00e0 soffrendo la lentezza del sistema, con sentenze che vengono attese per anni. Settori della vita pubblica come la Giustizia o la Sanit\u00e0 sono servizi e non aziende e rispondono al criterio del soddisfacimento dei bisogni della comunit\u00e0 e non al realizzo di un \u00a0profitto. Sono comparti che devono andare incontro al cittadino e non obbligarlo a inseguirli. In fondo lo dissero anche i padri costituenti quando, formulando l\u2019art.5 della Carta, sancirono che la Repubblica avrebbe favorito e adottato il decentramento amministrativo.<br \/>\nUn\u2019altra conseguenza tangibile \u00e8 che la revisione della geografia giudiziaria del governo Monti ha inopinatamente deprivato intere porzioni di territorio di un fondamentale presidio di giustizia e di legalit\u00e0. Per il\u00a0nostro territorio pontino la soluzione adottata si \u00e8 rivelata un disastro. Nel caso di Gaeta c\u2019\u00e8 stato un accorpamento con Cassino, circostanza che ha portato ad un drastico ridimensionamento della centralit\u00e0 e dell\u2019importanza dello stesso tribunale di Latina, come pure una forte penalizzazione per il sistema giudiziario pontino, a partire dal lavoro degli avvocati.<br \/>\nCondivido dunque l&#8217;intenzione del nuovo governo che vorrebbe ripristinare questi luoghi di legalit\u00e0 anche nei centri minori. La riapertura del tribunale di Gaeta sarebbe un passaggio significativo anche in funzione del contrasto alle infiltrazioni malavitose. C&#8217;\u00e8 bisogno di un presidio giudiziario importante che copra il territorio che va da Fondi a Minturno e Castelforte. Non dimentichiamo neanche il fatto che nel sud pontino va potenziata la giustizia come pure le forze dell&#8217;ordine in generale.\u00a0Su questo garantir\u00f2 il mio impegno in Regione&#8221;.<\/p>\n<p style=\"text-align: justify;\">Lo dichiara in una nota Enrico Tiero, vice portavoce regionale di FdI e presidente della commissione Sviluppo economico e Attivit\u00e0 produttive del Consiglio regionale del Lazio<\/p>\n<p>&nbsp;<\/p>\n<p>&nbsp;<\/p>\n","protected":false},"excerpt":{"rendered":"<p>LATINA &#8211; &#8220;La giustizia sui territori, per i territori. Come gi\u00e0 sostenuto prima di essere eletto, mi batter\u00f2 per la riapertura dei tribunali di Gaeta e Terracina. Questo l&#8217;obiettivo che intendo portare avanti nel corso della mia missione in Consiglio regionale. Prendo atto con favore che il governo Meloni intende riaprire i piccoli tribunali soppressi [&hellip;]<\/p>\n","protected":false},"author":60,"featured_media":326319,"comment_status":"open","ping_status":"open","sticky":false,"template":"","format":"standard","meta":{"footnotes":""},"categories":[8],"tags":[],"class_list":["post-334910","post","type-post","status-publish","format-standard","has-post-thumbnail","hentry","category-politica"],"_links":{"self":[{"href":"https:\/\/www.radioluna.it\/news\/wp-json\/wp\/v2\/posts\/334910","targetHints":{"allow":["GET"]}}],"collection":[{"href":"https:\/\/www.radioluna.it\/news\/wp-json\/wp\/v2\/posts"}],"about":[{"href":"https:\/\/www.radioluna.it\/news\/wp-json\/wp\/v2\/types\/post"}],"author":[{"embeddable":true,"href":"https:\/\/www.radioluna.it\/news\/wp-json\/wp\/v2\/users\/60"}],"replies":[{"embeddable":true,"href":"https:\/\/www.radioluna.it\/news\/wp-json\/wp\/v2\/comments?post=334910"}],"version-history":[{"count":0,"href":"https:\/\/www.radioluna.it\/news\/wp-json\/wp\/v2\/posts\/334910\/revisions"}],"wp:featuredmedia":[{"embeddable":true,"href":"https:\/\/www.radioluna.it\/news\/wp-json\/wp\/v2\/media\/326319"}],"wp:attachment":[{"href":"https:\/\/www.radioluna.it\/news\/wp-json\/wp\/v2\/media?parent=334910"}],"wp:term":[{"taxonomy":"category","embeddable":true,"href":"https:\/\/www.radioluna.it\/news\/wp-json\/wp\/v2\/categories?post=334910"},{"taxonomy":"post_tag","embeddable":true,"href":"https:\/\/www.radioluna.it\/news\/wp-json\/wp\/v2\/tags?post=334910"}],"curies":[{"name":"wp","href":"https:\/\/api.w.org\/{rel}","templated":true}]}}