{"id":334950,"date":"2023-08-12T09:11:52","date_gmt":"2023-08-12T07:11:52","guid":{"rendered":"https:\/\/www.radioluna.it\/news\/?p=334950"},"modified":"2023-09-14T14:35:20","modified_gmt":"2023-09-14T12:35:20","slug":"i-racconti-di-sabaudia-compie-ventanni-dedica-a-maurizio-costanzo","status":"publish","type":"post","link":"https:\/\/www.radioluna.it\/news\/2023\/08\/i-racconti-di-sabaudia-compie-ventanni-dedica-a-maurizio-costanzo\/","title":{"rendered":"I Racconti di Sabaudia compie vent&#8217;anni: dedica a Maurizio Costanzo"},"content":{"rendered":"<div id=\"fb-root\"><\/div>\n<p style=\"font-weight: 400; text-align: justify;\"><strong>SABAUDIA &#8211;\u00a0 <\/strong>Compie vent&#8217; anni i Racconti di Sabaudia, la raccolta di storie scritte da personaggi noti e da emergenti, distribuita sulle spiagge del litorale laziale e nata a luglio del 2003. Un&#8217;edizione speciale dedicata a Maurizio Costanzo, uno degli autori nell\u2019edizione del 2005 con un suo racconto riproposto in questa edizione per ricordarlo a pochi mesi dalla sua scomparsa.<\/p>\n<p style=\"font-weight: 400; text-align: justify;\">Il libro, con copertina che ritrae gli aironi rosa sul Lago di Paola, \u00e8 curato da Maria Costici &#8211; con le prefazioni del Presidente della Regione Lazio Francesco Rocca e dell\u2019assessora alla Cultura Simona Renata Baldassarre &#8211; , stampato su carta ecologica con una tiratura limitata di dodicimila copie, ed \u00e8 diviso in due sezioni di cui soltanto la seconda dedicata a concorso tra\u00a0 tredici autori emergenti che si sfideranno lasciando ai lettori delle spiagge il compito di votare il loro racconto preferito, utilizzando anche un\u2019app (realizzata dalla Esri Italia azienda leader nelle soluzioni geospaziali) che sfruttando la geolocalizzazione, permetter\u00e0 ai lettori di scattare e inviare le loro foto ricordo con il libro, sia in Italia sia nel mondo grazie ad Aeroporti di Roma, e di votare il racconto preferito della seconda sezione in concorso. Una giuria d\u2019onore presieduta dal Presidente del Coni Giovanni Malag\u00f2 affiancher\u00e0 il giudizio popolare. I Racconti di Sabaudia \u00e8 anche\u00a0 il libro pi\u00f9 letto tra le nuvole grazie ad Aeroporti di Roma, verr\u00e0 regalato a partire dal 21 agosto ai passeggeri in partenza dall\u2019Aeroporto Internazionale Leonardo da Vinci e dal 12 agosto potr\u00e0 essere ritirato gratuitamente presso gli stabilimenti di Sabaudia e di altre localit\u00e0 della costa laziale da Gaeta a Civitavecchia, segnalate sulle pagine social facebook e instagram.<\/p>\n<p style=\"font-weight: 400; text-align: justify;\">Ma anche molti racconti della prima sezione fuori concorso terranno compagnia ai lettori durante le vacanze: lo stilista Guillermo Mariotto punta l\u2019attenzione sul cyberbullismo nelle scuole con la storia della sua dolce Stella, Emilio Albertario, voce storica del GR2, rivive le giornate concitate di una delle redazioni pi\u00f9 gloriose della RAI attraverso gli indimenticabili Gianni Bisiach e Rino Icardi, Lavinia Orefici giornalista specializzata nella Royal Family ci fa invece volare a Londra tra i fasti dell\u2019incoronazione di Re Carlo III.\u00a0\u00a0Solo l\u2019immaginazione del regista Luca Verdone poteva evocare e far incontrare sulla spiaggia di Sabaudia gli spiriti del Conte di Cagliostro e della maga Circe, Elvira De Leone Rebecchini apre invece ai ricordi di una vita le porte della sua casa <em>Sangramore<\/em>. Maria Corbi inviata del quotidiano La Stampa, affronta il dramma dell\u2019Alzheimer, dalla penna del giornalista Roberto Arditti, ecco Nicola giovane barman della Roma dei potenti, custode di un esplosivo segreto.<\/p>\n<p style=\"font-weight: 400; text-align: justify;\">La sezione \u201cAl di l\u00e0 di ogni ragionevole dubbio\u201d, dedicata al \u201cnoir\u201d ricorda due tra i delitti pi\u00f9 mediatici, quello della Contessa Ludovica Filo della Torre, firmato da uno dei nomi pi\u00f9 conosciuti della cronaca nera, il giornalista e scrittore Massimo Lugli, e l\u2019altro, divenuto oramai un caso diplomatico, la condanna all\u2019ergastolo per omicidio dell\u2019italiano Chico Forti in America, raccontato con tutte le sue ombre dall\u2019avvocato penalista Vincenzo Rienzi.<\/p>\n<p style=\"font-weight: 400; text-align: justify;\">l progetto editoriale gode del Patrocinio della Regione Lazio, ed \u00e8 sostenuto da Enel, Esri Italia, Varigrafica Alto Lazio, Consorzio Mare Pontino e dall\u2019Associazione culturale Venus.<\/p>\n<p style=\"font-weight: 400;\">\n","protected":false},"excerpt":{"rendered":"<p>SABAUDIA &#8211;\u00a0 Compie vent&#8217; anni i Racconti di Sabaudia, la raccolta di storie scritte da personaggi noti e da emergenti, distribuita sulle spiagge del litorale laziale e nata a luglio del 2003. Un&#8217;edizione speciale dedicata a Maurizio Costanzo, uno degli autori nell\u2019edizione del 2005 con un suo racconto riproposto in questa edizione per ricordarlo a [&hellip;]<\/p>\n","protected":false},"author":62,"featured_media":334951,"comment_status":"open","ping_status":"open","sticky":false,"template":"","format":"standard","meta":{"footnotes":""},"categories":[735,2424],"tags":[],"class_list":["post-334950","post","type-post","status-publish","format-standard","has-post-thumbnail","hentry","category-attualita","category-i-nostri-libri"],"_links":{"self":[{"href":"https:\/\/www.radioluna.it\/news\/wp-json\/wp\/v2\/posts\/334950","targetHints":{"allow":["GET"]}}],"collection":[{"href":"https:\/\/www.radioluna.it\/news\/wp-json\/wp\/v2\/posts"}],"about":[{"href":"https:\/\/www.radioluna.it\/news\/wp-json\/wp\/v2\/types\/post"}],"author":[{"embeddable":true,"href":"https:\/\/www.radioluna.it\/news\/wp-json\/wp\/v2\/users\/62"}],"replies":[{"embeddable":true,"href":"https:\/\/www.radioluna.it\/news\/wp-json\/wp\/v2\/comments?post=334950"}],"version-history":[{"count":0,"href":"https:\/\/www.radioluna.it\/news\/wp-json\/wp\/v2\/posts\/334950\/revisions"}],"wp:featuredmedia":[{"embeddable":true,"href":"https:\/\/www.radioluna.it\/news\/wp-json\/wp\/v2\/media\/334951"}],"wp:attachment":[{"href":"https:\/\/www.radioluna.it\/news\/wp-json\/wp\/v2\/media?parent=334950"}],"wp:term":[{"taxonomy":"category","embeddable":true,"href":"https:\/\/www.radioluna.it\/news\/wp-json\/wp\/v2\/categories?post=334950"},{"taxonomy":"post_tag","embeddable":true,"href":"https:\/\/www.radioluna.it\/news\/wp-json\/wp\/v2\/tags?post=334950"}],"curies":[{"name":"wp","href":"https:\/\/api.w.org\/{rel}","templated":true}]}}