{"id":334960,"date":"2023-08-12T10:39:38","date_gmt":"2023-08-12T08:39:38","guid":{"rendered":"https:\/\/www.radioluna.it\/news\/?p=334960"},"modified":"2023-08-12T10:39:38","modified_gmt":"2023-08-12T08:39:38","slug":"reddito-di-cittadinanza-coppotelli-cisl-lazio-rafforzare-risorse-e-servizi-per-famiglie-fragili","status":"publish","type":"post","link":"https:\/\/www.radioluna.it\/news\/2023\/08\/reddito-di-cittadinanza-coppotelli-cisl-lazio-rafforzare-risorse-e-servizi-per-famiglie-fragili\/","title":{"rendered":"Reddito di cittadinanza, Coppotelli (Cisl Lazio): &#8220;Rafforzare risorse e servizi per famiglie fragili&#8221;"},"content":{"rendered":"<div id=\"fb-root\"><\/div>\n<p style=\"text-align: justify;\">&#8220;Nel Lazio \u00e8 il momento della responsabilit\u00e0, non dello scontro ideologico. E\u2019 il momento del ragionamento finalizzato alle soluzioni, non della voglia di buttarla nel caos per avere qualche \u201clike\u201d in pi\u00f9&#8221;. Lo scrive in una nota Luigi Coppotelli, segretario regionale del Lazio della Cisl sulla delicata questione del reddito di cittadinanza ripetendo anche le parole del segretario nazionale Luigi Sbarra: \u201cServe tanta responsabilit\u00e0\u201d perch\u00e9 \u201cGoverno, Regioni e Comuni devono collaborare per assicurare una gestione adeguata di questa transizione&#8221;.<\/p>\n<p style=\"text-align: justify;\">I DATI\u00a0 &#8211; Nel Lazio ci sono 120.826 nuclei familiari che percepiscono il reddito di cittadinanza. L\u2019importo medio dell\u2019assegno \u00e8 di 569,03 euro al mese. Il fatto \u00e8 che 71.251 famiglie, con l\u2019entrata in vigore delle nuove norme, sono destinate a perdere il sussidio.<\/p>\n<p style=\"text-align: justify;\">Ecco perch\u00e9\u00a0 &#8211; presegue Coppotelli &#8211; la priorit\u00e0 non pu\u00f2 non essere che quella di rafforzare servizi e risorse per le famiglie povere, le persone fragili, gli occupabili. E\u2019 necessario un grande investimento sulle politiche attive, per accompagnare chi pu\u00f2 lavorare da logiche di sussidio ad una occupazione dignitosa. Il reddito di cittadinanza ha funzionato bene come misura di contrasto alla vera povert\u00e0, ma \u00e8 stato un fallimento sulla partita della generazione di nuove opportunit\u00e0 di lavoro. Per questo \u00e8 irrinunciabile rilanciare i servizi per l\u2019impiego collegandoli alle Agenzie per il lavoro, ma anche al sistema delle imprese, alla scuola e al territorio&#8221;.<\/p>\n<p style=\"text-align: justify;\">Il segretario della Cisl Lazio spiega che \u00e8 stato &#8220;avviato un confronto gi\u00e0 da qualche tempo con la Regione, con la Giunta Rocca e l\u2019Assessore Schiboni, per il potenziamento della rete regionale dei servizi per il lavoro e della formazione&#8221; e aggiunge &#8220;siamo consapevoli che snodi cruciali come i Centri per l\u2019impiego vanno assolutamente potenziati sia in termini di presenza di personale che in termini di riorganizzazione ottimale dell\u2019accoglienza dei disoccupati e qualit\u00e0 dell\u2019assistenza erogata a chi cerca lavoro in un momento di transizione.Poi deve generare effetti positivi il programma GOL sul quale il confronto con la Regione Lazio \u00e8 continuo&#8221;.<\/p>\n<p style=\"text-align: justify;\">&#8220;Per la Cisl la sfida vera del nostro tempo \u00e8 quella sulle competenze da un lato ed il rafforzamento delle misure di welfare sociale dall\u2019altro &#8211; conclude Coppotelli &#8211; Sostegno, formazione continua, crescita delle competenze sono gli elementi che devono consentire di non lasciare nessuno indietro. Ricordando sempre che la persona va messa al centro. Non possiamo dimenticare le tante emergenze che ci sono di questi tempi, anche e soprattutto nel Lazio: il lavoro povero, la precariet\u00e0 diffusa, le criticit\u00e0 che riguardano il lavoro delle donne e dei giovani, la mancanza di occupazione stabile. Servono altres\u00ec una nuova politica dei redditi, meno tasse sul mondo del lavoro, rinnovo dei contratti pubblici e privati, contrasto alla speculazione e controllo su prezzi e tariffe. Noi continueremo come Cisl Lazio la nostra incessante azione affinch\u00e9 le persone abbiamo un vero reddito da lavoro&#8221;.<\/p>\n<p>&nbsp;<\/p>\n","protected":false},"excerpt":{"rendered":"<p>&#8220;Nel Lazio \u00e8 il momento della responsabilit\u00e0, non dello scontro ideologico. E\u2019 il momento del ragionamento finalizzato alle soluzioni, non della voglia di buttarla nel caos per avere qualche \u201clike\u201d in pi\u00f9&#8221;. Lo scrive in una nota Luigi Coppotelli, segretario regionale del Lazio della Cisl sulla delicata questione del reddito di cittadinanza ripetendo anche le [&hellip;]<\/p>\n","protected":false},"author":60,"featured_media":334961,"comment_status":"open","ping_status":"open","sticky":false,"template":"","format":"standard","meta":{"footnotes":""},"categories":[11],"tags":[],"class_list":["post-334960","post","type-post","status-publish","format-standard","has-post-thumbnail","hentry","category-economia"],"_links":{"self":[{"href":"https:\/\/www.radioluna.it\/news\/wp-json\/wp\/v2\/posts\/334960","targetHints":{"allow":["GET"]}}],"collection":[{"href":"https:\/\/www.radioluna.it\/news\/wp-json\/wp\/v2\/posts"}],"about":[{"href":"https:\/\/www.radioluna.it\/news\/wp-json\/wp\/v2\/types\/post"}],"author":[{"embeddable":true,"href":"https:\/\/www.radioluna.it\/news\/wp-json\/wp\/v2\/users\/60"}],"replies":[{"embeddable":true,"href":"https:\/\/www.radioluna.it\/news\/wp-json\/wp\/v2\/comments?post=334960"}],"version-history":[{"count":0,"href":"https:\/\/www.radioluna.it\/news\/wp-json\/wp\/v2\/posts\/334960\/revisions"}],"wp:featuredmedia":[{"embeddable":true,"href":"https:\/\/www.radioluna.it\/news\/wp-json\/wp\/v2\/media\/334961"}],"wp:attachment":[{"href":"https:\/\/www.radioluna.it\/news\/wp-json\/wp\/v2\/media?parent=334960"}],"wp:term":[{"taxonomy":"category","embeddable":true,"href":"https:\/\/www.radioluna.it\/news\/wp-json\/wp\/v2\/categories?post=334960"},{"taxonomy":"post_tag","embeddable":true,"href":"https:\/\/www.radioluna.it\/news\/wp-json\/wp\/v2\/tags?post=334960"}],"curies":[{"name":"wp","href":"https:\/\/api.w.org\/{rel}","templated":true}]}}