{"id":335026,"date":"2023-08-14T09:01:47","date_gmt":"2023-08-14T07:01:47","guid":{"rendered":"https:\/\/www.radioluna.it\/news\/?p=335026"},"modified":"2023-08-14T09:01:47","modified_gmt":"2023-08-14T07:01:47","slug":"pronto-soccorso-la-sindaca-di-latina-celentano-evidenzia-i-numeri-da-record","status":"publish","type":"post","link":"https:\/\/www.radioluna.it\/news\/2023\/08\/pronto-soccorso-la-sindaca-di-latina-celentano-evidenzia-i-numeri-da-record\/","title":{"rendered":"Pronto soccorso, la sindaca di Latina Celentano evidenzia i numeri da record"},"content":{"rendered":"<div id=\"fb-root\"><\/div>\n<p style=\"text-align: justify;\"><strong>LATINA<\/strong> &#8211; \u201cIeri numeri alti per il nostro pronto soccorso. \u00a0Alle 19 il portale della Regione Lazio segnava la presenza di 104 utenti, di cui 18 in attesa di visita, 39 in trattamento, 37 in attesa di ricovero o trasferimento e 10 in osservazione. Nei dati in tempo reale, il numero del Goretti, pari a 104 accessi, risultava il pi\u00f9 elevato di tutte le strutture sanitarie del Lazio, dopo l\u2019Umberto I con<br \/>\nla presenza di 119 utenti. Ecco, questo ci conferma come sia importante la \u2018salute\u2019 del nosocomio pontino a cui afferiscono, soprattutto in estate, migliaia di cittadini\u201d. E\u2019 quanto affermato dal sindaco di Latina Matilde Celentano nel week end di massime presenze turistiche nella provincia di Latina e conseguentemente di affollamento del pronto soccorso dell\u2019ospedale Goretti. \u201cLa digitalizzazione in ambito sanitario programmata dal presidente della Regione Lazio per creare una rete di informazioni tra le Asl e gli ospedali\u00a0 &#8211; ha aggiunto &#8211; va nella direzione di una pi\u00f9 efficiente risposta al bisogno sanitario della nostra comunit\u00e0\u201d.<\/p>\n<p style=\"text-align: justify;\">Gi\u00e0 nella mattinata di oggi gli accessi al pronto soccorso si aggiravano intorno alle cento unit\u00e0, con met\u00e0 dei pazienti in attesa di ricovero o trasferimento presso altre strutture.<\/p>\n<p style=\"text-align: justify;\">\u201cIl provvedimento varato a fine luglio dalla giunta del presidente Rocca \u00a0 per la valorizzazione e la crescita professionale del personale dei dipartimenti di emergenza e urgenza, con aumenti in busta paga, va nella direzione giusta \u2013 ha commentato la prima cittadina di Latina, a capo della conferenza dei sindaci sulla sanit\u00e0 che sar\u00e0 convocata quanto prima &#8211;\u00a0 Va nella direzione giusta, ponendo un freno a quello che \u00e8 l\u2019esodo dei sanitari di pronto soccorso attratti da remunerazioni pi\u00f9 vantaggiose delle prestazioni a gettoni\u201d.<\/p>\n<p style=\"text-align: justify;\">\u201cApprendo con molto piacere \u2013 ha aggiunto il sindaco Celentano &#8211; che il presidente Rocca ha annunciato provvedimenti per risolvere l\u2019annoso problema delle liste d\u2019attesa, anche attraverso l\u2019uso della digitalizzazione. Ci sono cittadini pontini che attendono da mesi interventi urgenti, che potrebbero essere effettuati in altre strutture in ambito regionale. E non sono casi isolati. Dall\u2019ultimo monitoraggio delle liste d\u2019attesa \u00e8 emerso che al Goretti soltanto 9 interventi su 320 con priorit\u00e0 A sono stati effettuati entro i 30 giorni richiesti. Questo dato \u00e8 davvero preoccupante\u201d.<\/p>\n<p style=\"text-align: justify;\">Il sindaco Celentano ha affermato che il presidente Rocca, da pochi mesi al Governo regionale, mantenendo a s\u00e9 la delega alla Sanit\u00e0, sta rivoluzionando i servizi e il loro accesso: \u201cPensiamo all\u2019inserimento nel Recup per le prenotazioni, in un unico database, di tutte le disponibilit\u00e0 del pubblico e del privato convenzionato. Questo &#8211; ha sottolineato &#8211; insieme alla digitalizzazione \u00e8 una trasformazione epocale. Da non sottovalutare poi gli interventi sulla rete territoriale, con pi\u00f9 cure per la salute mentale, per il disturbo alimentare, delle dipendenze e molto altro. Cosa aggiungere? La recente inaugurazione al Goretti del nuovo reparto di Emodinamica e l\u2019impegno mantenuto per la realizzazione del nuovo ospedale di Latina a Borgo Piave. Un passo dopo l\u2019altro per ridare dignit\u00e0 alla nostra sanit\u00e0. Proprio oggi, l\u2019edizione odierna de Il Messaggero, riporta la notizia della prossima apertura di una nuova sala operatoria al Goretti. Si tratta di un\u2019ulteriore misura, a cui la direzione generale della Asl sta lavorando da mesi, per ridurre le liste d\u2019attesa degli interventi\u201d.<\/p>\n","protected":false},"excerpt":{"rendered":"<p>LATINA &#8211; \u201cIeri numeri alti per il nostro pronto soccorso. \u00a0Alle 19 il portale della Regione Lazio segnava la presenza di 104 utenti, di cui 18 in attesa di visita, 39 in trattamento, 37 in attesa di ricovero o trasferimento e 10 in osservazione. Nei dati in tempo reale, il numero del Goretti, pari a [&hellip;]<\/p>\n","protected":false},"author":62,"featured_media":335027,"comment_status":"open","ping_status":"open","sticky":false,"template":"","format":"standard","meta":{"footnotes":""},"categories":[8],"tags":[],"class_list":["post-335026","post","type-post","status-publish","format-standard","has-post-thumbnail","hentry","category-politica"],"_links":{"self":[{"href":"https:\/\/www.radioluna.it\/news\/wp-json\/wp\/v2\/posts\/335026","targetHints":{"allow":["GET"]}}],"collection":[{"href":"https:\/\/www.radioluna.it\/news\/wp-json\/wp\/v2\/posts"}],"about":[{"href":"https:\/\/www.radioluna.it\/news\/wp-json\/wp\/v2\/types\/post"}],"author":[{"embeddable":true,"href":"https:\/\/www.radioluna.it\/news\/wp-json\/wp\/v2\/users\/62"}],"replies":[{"embeddable":true,"href":"https:\/\/www.radioluna.it\/news\/wp-json\/wp\/v2\/comments?post=335026"}],"version-history":[{"count":0,"href":"https:\/\/www.radioluna.it\/news\/wp-json\/wp\/v2\/posts\/335026\/revisions"}],"wp:featuredmedia":[{"embeddable":true,"href":"https:\/\/www.radioluna.it\/news\/wp-json\/wp\/v2\/media\/335027"}],"wp:attachment":[{"href":"https:\/\/www.radioluna.it\/news\/wp-json\/wp\/v2\/media?parent=335026"}],"wp:term":[{"taxonomy":"category","embeddable":true,"href":"https:\/\/www.radioluna.it\/news\/wp-json\/wp\/v2\/categories?post=335026"},{"taxonomy":"post_tag","embeddable":true,"href":"https:\/\/www.radioluna.it\/news\/wp-json\/wp\/v2\/tags?post=335026"}],"curies":[{"name":"wp","href":"https:\/\/api.w.org\/{rel}","templated":true}]}}