{"id":335468,"date":"2023-08-25T06:18:01","date_gmt":"2023-08-25T04:18:01","guid":{"rendered":"https:\/\/www.radioluna.it\/news\/?p=335468"},"modified":"2023-08-25T06:18:01","modified_gmt":"2023-08-25T04:18:01","slug":"episodi-vandalici-a-borgo-faiti-lassessore-tesone-incontra-il-parroco-e-i-genitori-dei-ragazzi","status":"publish","type":"post","link":"https:\/\/www.radioluna.it\/news\/2023\/08\/episodi-vandalici-a-borgo-faiti-lassessore-tesone-incontra-il-parroco-e-i-genitori-dei-ragazzi\/","title":{"rendered":"Episodi vandalici a Borgo Faiti, l\u2019assessore Tesone incontra il parroco e i genitori dei ragazzi"},"content":{"rendered":"<div id=\"fb-root\"><\/div>\n<p style=\"text-align: justify;\">BORGO FAITI &#8211; L\u2019assessore all\u2019Istruzione e alle Politiche educative Francesca Tesone si \u00e8 recata a Borgo Faiti, dove nei giorni scorsi si sono verificati vari episodi di danneggiamenti ad opera di vandali all\u2019oratorio parrocchiale, al campo sportivo e al centro sociale. \u201cHo incontrato Don Manuel, parroco della Chiesa della Vergine del Santissimo Rosario, e i genitori di alcuni ragazzi del borgo e insieme abbiamo cercato di capire il perch\u00e9 si siano verificati certi atteggiamenti, assolutamente da condannare \u2013 ha dichiarato l\u2019assessore Tesone -. Non \u00e8 accettabile, infatti, che vengano incendiati palloni, distrutte sedie e arredi urbani all\u2019ordine del giorno. Ma, soprattutto, abbiamo ragionato su cosa l\u2019amministrazione comunale pu\u00f2 fare per evitare che simili episodi si verifichino di nuovo. Di concerto con il parroco e i genitori dei ragazzi abbiamo deciso di organizzare un incontro che si svolger\u00e0 nel mese di settembre, nel quale verranno vagliate alcune soluzioni che potrebbero rispondere alle esigenze di chi abita il borgo. Da quello che \u00e8 emerso nel primissimo incontro, infatti, c\u2019\u00e8 necessit\u00e0 di trovare spazi utili e sani per la crescita dei giovani, nonch\u00e9 attivit\u00e0 che possano svolgere. Per questo si sta valutando la possibilit\u00e0 di organizzare una festa del Borgo, con il coinvolgimento dei ragazzi\u201d.<\/p>\n","protected":false},"excerpt":{"rendered":"<p>BORGO FAITI &#8211; L\u2019assessore all\u2019Istruzione e alle Politiche educative Francesca Tesone si \u00e8 recata a Borgo Faiti, dove nei giorni scorsi si sono verificati vari episodi di danneggiamenti ad opera di vandali all\u2019oratorio parrocchiale, al campo sportivo e al centro sociale. \u201cHo incontrato Don Manuel, parroco della Chiesa della Vergine del Santissimo Rosario, e i [&hellip;]<\/p>\n","protected":false},"author":60,"featured_media":0,"comment_status":"open","ping_status":"open","sticky":false,"template":"","format":"standard","meta":{"footnotes":""},"categories":[8],"tags":[],"class_list":["post-335468","post","type-post","status-publish","format-standard","hentry","category-politica"],"_links":{"self":[{"href":"https:\/\/www.radioluna.it\/news\/wp-json\/wp\/v2\/posts\/335468","targetHints":{"allow":["GET"]}}],"collection":[{"href":"https:\/\/www.radioluna.it\/news\/wp-json\/wp\/v2\/posts"}],"about":[{"href":"https:\/\/www.radioluna.it\/news\/wp-json\/wp\/v2\/types\/post"}],"author":[{"embeddable":true,"href":"https:\/\/www.radioluna.it\/news\/wp-json\/wp\/v2\/users\/60"}],"replies":[{"embeddable":true,"href":"https:\/\/www.radioluna.it\/news\/wp-json\/wp\/v2\/comments?post=335468"}],"version-history":[{"count":0,"href":"https:\/\/www.radioluna.it\/news\/wp-json\/wp\/v2\/posts\/335468\/revisions"}],"wp:attachment":[{"href":"https:\/\/www.radioluna.it\/news\/wp-json\/wp\/v2\/media?parent=335468"}],"wp:term":[{"taxonomy":"category","embeddable":true,"href":"https:\/\/www.radioluna.it\/news\/wp-json\/wp\/v2\/categories?post=335468"},{"taxonomy":"post_tag","embeddable":true,"href":"https:\/\/www.radioluna.it\/news\/wp-json\/wp\/v2\/tags?post=335468"}],"curies":[{"name":"wp","href":"https:\/\/api.w.org\/{rel}","templated":true}]}}