{"id":335524,"date":"2023-08-28T16:48:23","date_gmt":"2023-08-28T14:48:23","guid":{"rendered":"https:\/\/www.radioluna.it\/news\/?p=335524"},"modified":"2023-08-28T16:48:23","modified_gmt":"2023-08-28T14:48:23","slug":"tiero-mercati-e-fiere-con-lattestazione-della-storicita-avviata-la-valorizzazione-di-imprese-commerciali-e-artigianali-del-lazio","status":"publish","type":"post","link":"https:\/\/www.radioluna.it\/news\/2023\/08\/tiero-mercati-e-fiere-con-lattestazione-della-storicita-avviata-la-valorizzazione-di-imprese-commerciali-e-artigianali-del-lazio\/","title":{"rendered":"Tiero: &#8220;Mercati e fiere, con l&#8217;attestazione della storicit\u00e0 avviata la valorizzazione di imprese commerciali e artigianali del Lazio&#8221;"},"content":{"rendered":"<div id=\"fb-root\"><\/div>\n<p style=\"text-align: justify;\"><strong>LAZIO &#8211;<\/strong> &#8220;Considero di particolare rilevanza il fatto che le fiere, le botteghe e i mercati della provincia di Latina abbiano ottenuto il riconoscimento di \u2018Attivit\u00e0 storica del Lazio\u2019. Una certificazione importante da parte della Regione. Un\u2019opportunit\u00e0 che permette l\u2019inserimento nell\u2019Elenco Regionale delle Botteghe Storiche, istituito in base alla Legge Regionale 10 febbraio 2022 n. 1, e la possibilit\u00e0 di utilizzare il logo identificativo per l\u2019attestazione della storicit\u00e0. Questa chance viene concessa a diverse realt\u00e0 della nostra provincia. Innanzitutto a due strutture del capoluogo come il Mercato coperto ed il Mercato americano del marted\u00ec. Ma anche a Gaeta che vanta 4 luoghi di rilevanza storica: Fiera Madonna di Sant\u2019Anna, Fiera di Sant\u2019Erasmo e Marciano, Fiera Madonna di Porto Salvo ed il Mercato settimanale. Quindi Formia con la Fiera di San Giovanni, la Fiera di Sant\u2019Erasmo, Mercato settimanale del gioved\u00ec e Mercato del pesce. Altrettanto prezioso il riconoscimento ottenuto per il Comune di Fondi alla Fiera di Sant&#8217;Onorato e al Mercato settimanale di via Mola S.Maria, cos\u00ec come la Fiera della Madonna del Colle per quanto concerne il Comune di Lenola. Quindi apprezzabile l&#8217;analogo riconoscimento andato per il Comune di Cori alla Fiera di San Giuliano, alla Fiera Madonna del Soccorso e al Mercato settimanale. I mercati e le fiere sono sempre stati luoghi di vita e di incontro tra le persone, in cui si sviluppano le relazioni umane, gli scambi culturali, in cui si respirano i profumi delle merci esposte e si vive la magia dei colori e della vivacit\u00e0 delle bancarelle. Le fiere ed i mercati di cui \u00e8 stata certificata la loro storicit\u00e0 fondano la loro nascita al culto ed ai riti religiosi. Hanno radici antichissime, secolari, in alcuni casi millenarie. Il riconoscimento e l\u2019inserimento nell\u2019elenco dar\u00e0 luogo alla erogazione dei contributi che la Regione Lazio metter\u00e0 a disposizione dei Comuni e delle attivit\u00e0 per sviluppare azioni di promozione e valorizzazione definiti nei \u201cProgrammi di Intervento per la salvaguardia e valorizzazione delle botteghe ed attivit\u00e0 storiche\u201d. Il riconoscimento delle botteghe, mercati e fiere storiche \u00e8 quindi una grande opportunit\u00e0 per tutte le attivit\u00e0 commerciali, della ristorazione ed artigianali che intendiamo valorizzare e contribuire a far crescere&#8221;.<\/p>\n<p>Lo dichiara in una nota Enrico Tiero, vice portavoce regionale di FdI e presidente della commissione Sviluppo economico e Attivit\u00e0 produttive del Consiglio regionale del Lazio<\/p>\n","protected":false},"excerpt":{"rendered":"<p>LAZIO &#8211; &#8220;Considero di particolare rilevanza il fatto che le fiere, le botteghe e i mercati della provincia di Latina abbiano ottenuto il riconoscimento di \u2018Attivit\u00e0 storica del Lazio\u2019. Una certificazione importante da parte della Regione. Un\u2019opportunit\u00e0 che permette l\u2019inserimento nell\u2019Elenco Regionale delle Botteghe Storiche, istituito in base alla Legge Regionale 10 febbraio 2022 n. [&hellip;]<\/p>\n","protected":false},"author":60,"featured_media":325312,"comment_status":"open","ping_status":"open","sticky":false,"template":"","format":"standard","meta":{"footnotes":""},"categories":[8],"tags":[],"class_list":["post-335524","post","type-post","status-publish","format-standard","has-post-thumbnail","hentry","category-politica"],"_links":{"self":[{"href":"https:\/\/www.radioluna.it\/news\/wp-json\/wp\/v2\/posts\/335524","targetHints":{"allow":["GET"]}}],"collection":[{"href":"https:\/\/www.radioluna.it\/news\/wp-json\/wp\/v2\/posts"}],"about":[{"href":"https:\/\/www.radioluna.it\/news\/wp-json\/wp\/v2\/types\/post"}],"author":[{"embeddable":true,"href":"https:\/\/www.radioluna.it\/news\/wp-json\/wp\/v2\/users\/60"}],"replies":[{"embeddable":true,"href":"https:\/\/www.radioluna.it\/news\/wp-json\/wp\/v2\/comments?post=335524"}],"version-history":[{"count":0,"href":"https:\/\/www.radioluna.it\/news\/wp-json\/wp\/v2\/posts\/335524\/revisions"}],"wp:featuredmedia":[{"embeddable":true,"href":"https:\/\/www.radioluna.it\/news\/wp-json\/wp\/v2\/media\/325312"}],"wp:attachment":[{"href":"https:\/\/www.radioluna.it\/news\/wp-json\/wp\/v2\/media?parent=335524"}],"wp:term":[{"taxonomy":"category","embeddable":true,"href":"https:\/\/www.radioluna.it\/news\/wp-json\/wp\/v2\/categories?post=335524"},{"taxonomy":"post_tag","embeddable":true,"href":"https:\/\/www.radioluna.it\/news\/wp-json\/wp\/v2\/tags?post=335524"}],"curies":[{"name":"wp","href":"https:\/\/api.w.org\/{rel}","templated":true}]}}