{"id":335527,"date":"2023-08-28T17:14:27","date_gmt":"2023-08-28T15:14:27","guid":{"rendered":"https:\/\/www.radioluna.it\/news\/?p=335527"},"modified":"2023-08-28T17:14:27","modified_gmt":"2023-08-28T15:14:27","slug":"centro-storico-a-latina-iavarone-ascoltiamo-i-cittadini-per-arrivare-ad-una-proposta-condivisa-e-definitiva","status":"publish","type":"post","link":"https:\/\/www.radioluna.it\/news\/2023\/08\/centro-storico-a-latina-iavarone-ascoltiamo-i-cittadini-per-arrivare-ad-una-proposta-condivisa-e-definitiva\/","title":{"rendered":"Centro storico a Latina, Iavarone: &#8220;Ascoltiamo i cittadini per arrivare ad una proposta condivisa e definitiva&#8221;"},"content":{"rendered":"<div id=\"fb-root\"><\/div>\n<p style=\"text-align: justify;\">LATINA &#8211; Si \u00e8 riunita questa mattina la commissione attivit\u00e0 produttive del Comune di Latina, dove si \u00e8 parlato anche dell&#8217;isola pedonale in centro: &#8220;Con la riunione di questa mattina abbiamo dato inizio ad un nuovo percorso condiviso, che ci porter\u00e0 a proporre una soluzione definitiva di quella che deve essere la destinazione del centro storico della citt\u00e0 &#8211; spiega il presidente della Commissione Dino Iavarone &#8211; Abbiamo iniziato ascoltando le esperienze e le proposte dei commercianti, che hanno vissuto la ZTL prima e poi la sperimentazione di Isola pedonale. I commercianti hanno sostanzialmente bocciato l&#8217;esperienza dell&#8217;isola pedonale cos\u00ec come l&#8217;abbiamo vissuta, cio\u00e8 senza servizi, arredi, eventi e funzioni specifiche, che hanno aggravato la perdita di competitivit\u00e0 delle attivit\u00e0 del centro storico, rispetto ai centri commerciali e al commercio elettronico. Le proposte fatte rispondono alla domanda di aumentare l&#8217;afflusso dei cittadini in centro, facendogli trovare un ambiente servito, curato, pulito e attrattivo, da realizzare anche attraverso un contributo diretto delle stesse attivit\u00e0 commerciali. \u00c8 stato affrontato il tema della eventuale riapertura al traffico, almeno in alcune fasce orarie per permettere il carico e scarico merci e i servizi di manutenzione. Su questo c&#8217;\u00e8 stato l&#8217;impegno immediato dell&#8217;Assessore Di Cocco a prevedere nella prossima ordinanza questa possibilit\u00e0. Per quanto riguarda le azioni da mettere in atto per riqualificare il centro storico, \u00e8 parere sostanzialmente unanime, anche da parte dell&#8217;opposizione, che vadano riportate funzioni al centro, su questo molto pu\u00f2 fare la destinazione degli edifici di fondazione a servizio dell&#8217;universit\u00e0 e, il riportare al centro servizi amministrativi che prevedano il contatto con il pubblico. Come Presidente posso dirmi soddisfatto per aver improntato i lavori della commissione alla collaborazione e all&#8217;ascolto delle reali esigenze dei cittadini, in questa prima riunione siamo partiti dai commercianti, ma presto saranno sentiti i residenti e le associazioni dei consumatori, e sar\u00e0 attivato un tavolo permanente di confronto, dove man mano saranno affrontati tutti i passaggi che ci porteranno ad una proposta di riqualificazione del centro storico quanto pi\u00f9 condivisa possibile, che sia valida nel breve, medio e lungo termine&#8221;.<\/p>\n","protected":false},"excerpt":{"rendered":"<p>LATINA &#8211; Si \u00e8 riunita questa mattina la commissione attivit\u00e0 produttive del Comune di Latina, dove si \u00e8 parlato anche dell&#8217;isola pedonale in centro: &#8220;Con la riunione di questa mattina abbiamo dato inizio ad un nuovo percorso condiviso, che ci porter\u00e0 a proporre una soluzione definitiva di quella che deve essere la destinazione del centro [&hellip;]<\/p>\n","protected":false},"author":60,"featured_media":0,"comment_status":"open","ping_status":"open","sticky":false,"template":"","format":"standard","meta":{"footnotes":""},"categories":[8],"tags":[],"class_list":["post-335527","post","type-post","status-publish","format-standard","hentry","category-politica"],"_links":{"self":[{"href":"https:\/\/www.radioluna.it\/news\/wp-json\/wp\/v2\/posts\/335527","targetHints":{"allow":["GET"]}}],"collection":[{"href":"https:\/\/www.radioluna.it\/news\/wp-json\/wp\/v2\/posts"}],"about":[{"href":"https:\/\/www.radioluna.it\/news\/wp-json\/wp\/v2\/types\/post"}],"author":[{"embeddable":true,"href":"https:\/\/www.radioluna.it\/news\/wp-json\/wp\/v2\/users\/60"}],"replies":[{"embeddable":true,"href":"https:\/\/www.radioluna.it\/news\/wp-json\/wp\/v2\/comments?post=335527"}],"version-history":[{"count":0,"href":"https:\/\/www.radioluna.it\/news\/wp-json\/wp\/v2\/posts\/335527\/revisions"}],"wp:attachment":[{"href":"https:\/\/www.radioluna.it\/news\/wp-json\/wp\/v2\/media?parent=335527"}],"wp:term":[{"taxonomy":"category","embeddable":true,"href":"https:\/\/www.radioluna.it\/news\/wp-json\/wp\/v2\/categories?post=335527"},{"taxonomy":"post_tag","embeddable":true,"href":"https:\/\/www.radioluna.it\/news\/wp-json\/wp\/v2\/tags?post=335527"}],"curies":[{"name":"wp","href":"https:\/\/api.w.org\/{rel}","templated":true}]}}