{"id":336180,"date":"2023-09-12T19:41:41","date_gmt":"2023-09-12T17:41:41","guid":{"rendered":"https:\/\/www.radioluna.it\/news\/?p=336180"},"modified":"2023-09-14T14:32:33","modified_gmt":"2023-09-14T12:32:33","slug":"latina-alla-de-amicis-ritorno-a-scuola-con-una-giornata-di-laboratori-per-grandi-e-piccoli","status":"publish","type":"post","link":"https:\/\/www.radioluna.it\/news\/2023\/09\/latina-alla-de-amicis-ritorno-a-scuola-con-una-giornata-di-laboratori-per-grandi-e-piccoli\/","title":{"rendered":"Latina, alla De Amicis ritorno a scuola con una giornata di laboratori per grandi e piccoli"},"content":{"rendered":"<div id=\"fb-root\"><\/div>\n<p style=\"text-align: justify;\"><strong>LATINA<\/strong> &#8211;\u00a0 Prosegue e si arricchisce la collaborazione tra il progetto \u201cMediazione Sociale \u2013 Recupero Urbano Integrato\u201d e la scuola primaria \u201cE. De Amicis\u201d in via Col di Lana, dell\u2019I.C. \u201cGiovanni Cena\u201d di Latina. Mercoled\u00ec 13 settembre, in occasione del primo giorno di scuola, il progetto in sinergia con le insegnanti della scuola, ha organizzato una mattinata con laboratori e momenti di confronto rivolti ai giovani alunni e alle loro famiglie. Un appuntamento che si inserisce all\u2019interno di un rapporto gi\u00e0 avviato con successo nel corso dello scorso anno scolastico attraverso diverse attivit\u00e0 sociali, culturali e di riqualificazione rivolte agli studenti, ai genitori e agli altri abitanti del quartiere Nicolosi: il doposcuola, i corsi di italiano per stranieri, l\u2019organizzazione degli open day, lo sportello di Mediazione sociale, spazio di accoglienza, ascolto e orientamento. L\u2019evento del 13 settembre sar\u00e0 un momento di incontro e confronto tra genitori, bambini, insegnanti e professionisti che operano per l\u2019inclusione scolastica e sociale.\u00a0Contribuiranno attivamente alla realizzazione della festa AIFO, il Coordinamento Vialibera, l&#8217;Urban Center e le associazioni della <strong>Casa di quartiere di via Milazzo.<\/strong><\/p>\n<p style=\"text-align: justify;\"><strong>Il PROGRAMMA<\/strong> &#8211; La mattinata si aprir\u00e0 alle ore 8:30 con i saluti istituzionali della Dirigente Scolastica dell\u2019Istituto Cena, la prof.ssa Annarita Mattarolo, seguir\u00e0 l\u2019appello delle classi prime e la sostituzione della bandiera italiana.<\/p>\n<p style=\"text-align: justify;\">Durante la mattinata si alterneranno i laboratori dedicati ad adulti e bambini che avranno come filo conduttore la cura del verde e la sensibilizzazione ambientale attraverso momenti informativi e ludico-educativi. Nello specifico per gli adulti si svolger\u00e0 il laboratorio \u201cAmico Albero\u201d a cura di Bruno Fontanarosa; e per i bambini a cura di Emanuele Di Russo, Oriana Ciaccio, Paulina Slebodzinska e Valentina Tora. E\u2019 prevista anche una sana merenda nel giardino della scuola. Chiuder\u00e0 la giornata, il laboratorio di educazione ambientale a cura degli Ispettori Ambientali di ABC, azienda speciale del Comune di Latina. Ai laboratori parteciperanno anche i bambini del terzo anno della scuola dell\u2019infanzia di via Pasubio, mentre per i pi\u00f9 piccoli \u2013 primo e secondo anno \u2013 si svolger\u00e0 un laboratorio a cura della compagnia teatrale \u201cBotteghe Invisibili\u201d di Latina.<\/p>\n<p style=\"text-align: justify;\">La finalit\u00e0 di Mediazione Sociale, progetto promosso dal Comune di Latina, Assessorato ai Lavori Pubblici, finanziato dalla Presidenza del Consilio dei Ministri e gestito dalla cooperativa sociale Il Quadrifoglio, \u00e8 infatti quella di promuovere la partecipazione attiva dei cittadini, di rafforzare in loro la capacit\u00e0 di lavorare insieme e aumentare il senso di appartenenza alla comunit\u00e0.<\/p>\n","protected":false},"excerpt":{"rendered":"<p>LATINA &#8211;\u00a0 Prosegue e si arricchisce la collaborazione tra il progetto \u201cMediazione Sociale \u2013 Recupero Urbano Integrato\u201d e la scuola primaria \u201cE. De Amicis\u201d in via Col di Lana, dell\u2019I.C. \u201cGiovanni Cena\u201d di Latina. Mercoled\u00ec 13 settembre, in occasione del primo giorno di scuola, il progetto in sinergia con le insegnanti della scuola, ha organizzato [&hellip;]<\/p>\n","protected":false},"author":60,"featured_media":336181,"comment_status":"open","ping_status":"open","sticky":false,"template":"","format":"standard","meta":{"footnotes":""},"categories":[248],"tags":[],"class_list":["post-336180","post","type-post","status-publish","format-standard","has-post-thumbnail","hentry","category-istruzione"],"_links":{"self":[{"href":"https:\/\/www.radioluna.it\/news\/wp-json\/wp\/v2\/posts\/336180","targetHints":{"allow":["GET"]}}],"collection":[{"href":"https:\/\/www.radioluna.it\/news\/wp-json\/wp\/v2\/posts"}],"about":[{"href":"https:\/\/www.radioluna.it\/news\/wp-json\/wp\/v2\/types\/post"}],"author":[{"embeddable":true,"href":"https:\/\/www.radioluna.it\/news\/wp-json\/wp\/v2\/users\/60"}],"replies":[{"embeddable":true,"href":"https:\/\/www.radioluna.it\/news\/wp-json\/wp\/v2\/comments?post=336180"}],"version-history":[{"count":0,"href":"https:\/\/www.radioluna.it\/news\/wp-json\/wp\/v2\/posts\/336180\/revisions"}],"wp:featuredmedia":[{"embeddable":true,"href":"https:\/\/www.radioluna.it\/news\/wp-json\/wp\/v2\/media\/336181"}],"wp:attachment":[{"href":"https:\/\/www.radioluna.it\/news\/wp-json\/wp\/v2\/media?parent=336180"}],"wp:term":[{"taxonomy":"category","embeddable":true,"href":"https:\/\/www.radioluna.it\/news\/wp-json\/wp\/v2\/categories?post=336180"},{"taxonomy":"post_tag","embeddable":true,"href":"https:\/\/www.radioluna.it\/news\/wp-json\/wp\/v2\/tags?post=336180"}],"curies":[{"name":"wp","href":"https:\/\/api.w.org\/{rel}","templated":true}]}}