{"id":336213,"date":"2023-09-13T10:41:35","date_gmt":"2023-09-13T08:41:35","guid":{"rendered":"https:\/\/www.radioluna.it\/news\/?p=336213"},"modified":"2023-09-13T10:41:35","modified_gmt":"2023-09-13T08:41:35","slug":"un-canestro-per-te-a-pontinia-un-torneo-in-ricordo-di-francesco-mansutti","status":"publish","type":"post","link":"https:\/\/www.radioluna.it\/news\/2023\/09\/un-canestro-per-te-a-pontinia-un-torneo-in-ricordo-di-francesco-mansutti\/","title":{"rendered":"&#8220;Un canestro per te&#8221;: a Pontinia un torneo in ricordo di Francesco Mansutti"},"content":{"rendered":"<div id=\"fb-root\"><\/div>\n<p style=\"text-align: justify;\"><strong>PONTINIA &#8211; <\/strong>La Virtus Basket Pontinia organizza la I\u00b0 edizione di \u201cUn canestro per te \u201c, torneo a squadre di pallacanestro in ricordo di Francesco Mansutti,\u00a0 il 26enne cestista di Latina scomparso tragicamente in un incidente avvenuto nell\u2019azienda di famiglia a Cisterna nel mese di marzo.<\/p>\n<p style=\"text-align: justify;\">La manifestazione, che sar\u00e0 presentata venerd\u00ec 15 settembre al palazzetto dello sport di Pontinia, si svolger\u00e0 il 22, 23 e 24 di questo mese con il patrocinio di Sport e Salute, del Coni e della Federazione \u00a0Pallacanestro. Al torneo parteciperanno sei squadre e tra queste tutte quelle in cui il giovane aveva militato.<\/p>\n<p style=\"text-align: justify;\">Francesco \u00a0&#8211; sottolineano dalla Virtus che \u00e8 stata la sua ultima squadra \u00a0&#8211; \u00e8 stato uno studente modello e poi un imprenditore di successo innamorato della pallacanestro. Durante la presentazione la dottoressa Martina Telesca parler\u00e0 dell\u2019importanza dello sport nel lifestyle e il suo impatto nella salute e nel sociale, tema sempre caro a Francesco, come a tutti noi&#8221;.<\/p>\n","protected":false},"excerpt":{"rendered":"<p>PONTINIA &#8211; La Virtus Basket Pontinia organizza la I\u00b0 edizione di \u201cUn canestro per te \u201c, torneo a squadre di pallacanestro in ricordo di Francesco Mansutti,\u00a0 il 26enne cestista di Latina scomparso tragicamente in un incidente avvenuto nell\u2019azienda di famiglia a Cisterna nel mese di marzo. La manifestazione, che sar\u00e0 presentata venerd\u00ec 15 settembre al [&hellip;]<\/p>\n","protected":false},"author":62,"featured_media":336214,"comment_status":"open","ping_status":"open","sticky":false,"template":"","format":"standard","meta":{"footnotes":""},"categories":[734,17],"tags":[],"class_list":["post-336213","post","type-post","status-publish","format-standard","has-post-thumbnail","hentry","category-evidenza","category-sport"],"_links":{"self":[{"href":"https:\/\/www.radioluna.it\/news\/wp-json\/wp\/v2\/posts\/336213","targetHints":{"allow":["GET"]}}],"collection":[{"href":"https:\/\/www.radioluna.it\/news\/wp-json\/wp\/v2\/posts"}],"about":[{"href":"https:\/\/www.radioluna.it\/news\/wp-json\/wp\/v2\/types\/post"}],"author":[{"embeddable":true,"href":"https:\/\/www.radioluna.it\/news\/wp-json\/wp\/v2\/users\/62"}],"replies":[{"embeddable":true,"href":"https:\/\/www.radioluna.it\/news\/wp-json\/wp\/v2\/comments?post=336213"}],"version-history":[{"count":0,"href":"https:\/\/www.radioluna.it\/news\/wp-json\/wp\/v2\/posts\/336213\/revisions"}],"wp:featuredmedia":[{"embeddable":true,"href":"https:\/\/www.radioluna.it\/news\/wp-json\/wp\/v2\/media\/336214"}],"wp:attachment":[{"href":"https:\/\/www.radioluna.it\/news\/wp-json\/wp\/v2\/media?parent=336213"}],"wp:term":[{"taxonomy":"category","embeddable":true,"href":"https:\/\/www.radioluna.it\/news\/wp-json\/wp\/v2\/categories?post=336213"},{"taxonomy":"post_tag","embeddable":true,"href":"https:\/\/www.radioluna.it\/news\/wp-json\/wp\/v2\/tags?post=336213"}],"curies":[{"name":"wp","href":"https:\/\/api.w.org\/{rel}","templated":true}]}}